{"id":1540,"date":"2015-03-06T19:20:22","date_gmt":"2015-03-06T18:20:22","guid":{"rendered":"http:\/\/www.espaciogranvia.org\/clases-de-piano-2\/"},"modified":"2022-05-02T09:49:07","modified_gmt":"2022-05-02T07:49:07","slug":"taller-de-fotografia-dixital","status":"publish","type":"post","link":"https:\/\/espaciogranvia.org\/gal\/taller-de-fotografia-dixital\/","title":{"rendered":"OBRADOIRO DE FOTOGRAF\u00cdA DIXITAL (nivel b\u00e1sico)"},"content":{"rendered":"<div class=\"fusion-fullwidth fullwidth-box fusion-builder-row-1 nonhundred-percent-fullwidth non-hundred-percent-height-scrolling\" style=\"--awb-border-radius-top-left:0px;--awb-border-radius-top-right:0px;--awb-border-radius-bottom-right:0px;--awb-border-radius-bottom-left:0px;--awb-flex-wrap:wrap;\" ><div class=\"fusion-builder-row fusion-row\"><div class=\"fusion-layout-column fusion_builder_column fusion-builder-column-0 fusion_builder_column_1_1 1_1 fusion-one-full fusion-column-first fusion-column-last\" style=\"--awb-bg-size:cover;--awb-margin-bottom:0px;\"><div class=\"fusion-column-wrapper fusion-flex-column-wrapper-legacy\"><div class=\"fusion-text fusion-text-1\" style=\"--awb-text-transform:none;\"><h3>Inicio: martes 20 de setembro de 2022, \u00e1s 20:00 horas.<\/h3>\n<h3>Presencial &#8211; prazas limitadas.<\/h3>\n<p>Consegue a t\u00faa entrada gratu\u00edta:<a href=\"https:\/\/bit.ly\/39paBSt\"><span style=\"color: #0000ff;\"> https:\/\/bit.ly\/39paBSt<\/span><\/a><\/p>\n<p>Inscrici\u00f3n aberta.<\/p>\n<p>Duraci\u00f3n: 10 clases de 2 horas. Impartiranse \u00f3s martes de 20:00 a 22:00 horas.<\/p>\n<p>Imparte: Marcos Canosa.<\/p>\n<p><strong>CURSO FOTOGRAF\u00cdA DIXITAL B\u00c1SICO<\/strong><br \/>\nNeste curso pr\u00e1ctico de fotograf\u00eda descubriremos os fundamentos da t\u00e9cnica fotogr\u00e1fica e aprenderemos a manexar nosa c\u00e1mara con eficacia.<br \/>\nRealizaremos exercicios fotogr\u00e1ficos que estimular\u00e1n a nosa creatividade e a nosa afecci\u00f3n \u00e1 fotograf\u00eda.<br \/>\nDESTINATARIOS:<br \/>\nPersoas \u00e1s que lles guste a fotograf\u00eda, pero carezan de co\u00f1ecementos t\u00e9cnicos e queiran co\u00f1ecer as posibilidades da s\u00faa c\u00e1mara e do medio fotogr\u00e1fico. Os \u00fanicos requisitos son as ga\u00f1as de aprender e de facer mellores fotos.<br \/>\nCONTIDO:<br \/>\n1. INTRODUCI\u00d3N:<br \/>\n\u25aa A luz<br \/>\n\u25aa O ollo humano<br \/>\n\u25aa A c\u00e1mara escura<br \/>\n2. SENSIBILIDADE \u2013 ISO:<br \/>\n\u25aa Valores ISO<br \/>\n\u25aa Ruido<br \/>\n3. A C\u00c1MARA FOTOGR\u00c1FICA:<br \/>\n\u25aa Obturador<br \/>\n\u25aa Diafragma<br \/>\n4. Os OBXECTIVOS:<br \/>\n\u25aa Distancia focal<br \/>\n\u25aa Luminosidade<br \/>\n\u25aa Enfoque<br \/>\n5. A EXPOSICI\u00d3N:<br \/>\n\u25aa Fot\u00f3metros<br \/>\n\u25aa Medir a luz<br \/>\n\u25aa Trucos<br \/>\n6. ILUMINACI\u00d3N:<br \/>\n\u25aa Tipos<br \/>\n\u25aa Control<br \/>\n7. COMPOSICI\u00d3N:<br \/>\n\u25aa Regulas<br \/>\n\u25aa Exemplos<br \/>\n\u25aa Trucos<br \/>\n8. MANEXO DA C\u00c1MARA:<br \/>\n\u25aa Modos de exposici\u00f3n<br \/>\n\u25aa Modos de disparo<br \/>\n\u25aa Modos de enfoque<br \/>\n\u25aa Balance de brancos<br \/>\n\u25aa Velocidade de obturaci\u00f3n<br \/>\n\u25aa Profundidade de campo<br \/>\n9. O FLASH<br \/>\n\u25aa Tipos<br \/>\n\u25aa Uso<br \/>\n\u25aa Trucos<br \/>\n10. EQUIPO E MANTEMENTO:<br \/>\n\u25aa Accesorios<br \/>\n\u25aa Limpeza do sensor<br \/>\n\u25aa Mantemento<br \/>\n+ PR\u00c1CTICAS<\/p>\n<p><strong>CONTIDO NIVEL AVANZADO:<\/strong><\/p>\n<p>O curso vai dirixido a usuarios que xa te\u00f1an unhas noci\u00f3ns b\u00e1sicas do manexo da c\u00e1mara, e que queiran profundar e mellorar os aspectos m\u00e1is profesionais do uso da mesma.<\/p>\n<p>&#8211; Aprendendo a enfocar &#8211; A distancia hiperfocal.<\/p>\n<p>&#8211; A importancia da obturaci\u00f3n nas c\u00e1maras dixitais.<\/p>\n<p>&#8211; Longas exposici\u00f3ns.<\/p>\n<p>&#8211; Diafragma, l\u00edmites e punto doce.<\/p>\n<p>&#8211; Fotometr\u00eda, importancia de dominar a medici\u00f3n da luz.<\/p>\n<p>&#8211; Modo manual, aprendendo a utilizala de forma sinxela.<\/p>\n<p>&#8211; O flash, m\u00e1is al\u00f3 do modo auto.<\/p>\n<p><a href=\"http:\/\/www.espaciogranvia.org\/pre-inscripciones\/\"><img decoding=\"async\" class=\"alignnone size-full wp-image-504\" src=\"http:\/\/www.espaciogranvia.org\/wp-content\/uploads\/2014\/08\/inscribete.png\" alt=\"Inscr\u00edbete\" width=\"148\" height=\"59\" \/><\/a><\/p>\n<div id=\"spoon-plugin-kncgbdglledmjmpnikebkagnchfdehbm-2\" style=\"display: none;\"><\/div>\n<\/div><div class=\"fusion-clearfix\"><\/div><\/div><\/div><\/div><\/div>\n","protected":false},"excerpt":{"rendered":"","protected":false},"author":2,"featured_media":5258,"comment_status":"open","ping_status":"open","sticky":false,"template":"","format":"standard","meta":{"footnotes":""},"categories":[22],"tags":[],"class_list":["post-1540","post","type-post","status-publish","format-standard","has-post-thumbnail","hentry","category-cursos-e-obradoiros"],"_links":{"self":[{"href":"https:\/\/espaciogranvia.org\/gal\/wp-json\/wp\/v2\/posts\/1540","targetHints":{"allow":["GET"]}}],"collection":[{"href":"https:\/\/espaciogranvia.org\/gal\/wp-json\/wp\/v2\/posts"}],"about":[{"href":"https:\/\/espaciogranvia.org\/gal\/wp-json\/wp\/v2\/types\/post"}],"author":[{"embeddable":true,"href":"https:\/\/espaciogranvia.org\/gal\/wp-json\/wp\/v2\/users\/2"}],"replies":[{"embeddable":true,"href":"https:\/\/espaciogranvia.org\/gal\/wp-json\/wp\/v2\/comments?post=1540"}],"version-history":[{"count":95,"href":"https:\/\/espaciogranvia.org\/gal\/wp-json\/wp\/v2\/posts\/1540\/revisions"}],"predecessor-version":[{"id":5685,"href":"https:\/\/espaciogranvia.org\/gal\/wp-json\/wp\/v2\/posts\/1540\/revisions\/5685"}],"wp:featuredmedia":[{"embeddable":true,"href":"https:\/\/espaciogranvia.org\/gal\/wp-json\/wp\/v2\/media\/5258"}],"wp:attachment":[{"href":"https:\/\/espaciogranvia.org\/gal\/wp-json\/wp\/v2\/media?parent=1540"}],"wp:term":[{"taxonomy":"category","embeddable":true,"href":"https:\/\/espaciogranvia.org\/gal\/wp-json\/wp\/v2\/categories?post=1540"},{"taxonomy":"post_tag","embeddable":true,"href":"https:\/\/espaciogranvia.org\/gal\/wp-json\/wp\/v2\/tags?post=1540"}],"curies":[{"name":"wp","href":"https:\/\/api.w.org\/{rel}","templated":true}]}}