{"id":3001,"date":"2018-02-19T04:16:50","date_gmt":"2018-02-19T03:16:50","guid":{"rendered":"http:\/\/www.espaciogranvia.org\/hipatia-de-alejandria-filosofa-y-cientifica-2\/"},"modified":"2019-12-02T20:44:41","modified_gmt":"2019-12-02T19:44:41","slug":"hipatia-de-alejandria-filosofa-y-cientifica-2","status":"publish","type":"post","link":"https:\/\/espaciogranvia.org\/gal\/hipatia-de-alejandria-filosofa-y-cientifica-2\/","title":{"rendered":"Hipatia, a gran mestra de Alexandr\u00eda"},"content":{"rendered":"<p><img decoding=\"async\" class=\"alignnone size-full wp-image-3039\" src=\"http:\/\/www.espaciogranvia.org\/wp-content\/uploads\/2018\/02\/hipatia1.jpg\" alt=\"\" width=\"288\" height=\"322\" \/><\/p>\n<div class=\"col_b\">\n<div class=\"textbox\">\n<div id=\"contenedor\" class=\"textarea unknown\">Charla-coloquio \/\u00a0 Entrada gratu\u00edta.<\/div>\n<div class=\"textarea unknown\"><a href=\"https:\/\/www.eventbrite.es\/e\/entradas-hipatia-de-alejandria-filosofa-y-cientifica-43298481925\"><span style=\"color: #0000ff;\"><strong>Consegue a t\u00faa entrada aqu\u00ed.<\/strong><\/span><\/a><\/div>\n<div><\/div>\n<div class=\"textarea unknown\"><strong>Celebraci\u00f3n do D\u00eda Internacional da Muller<\/strong><\/div>\n<div><\/div>\n<div class=\"textarea unknown\">Venres 9 de marzo de 2018 \u00e1s 19:30 h.<\/div>\n<div><\/div>\n<div class=\"textarea unknown\">Achega voluntaria: 1 kg. de comida non perecedoira que se doar\u00e1 ao comedor social de &#8220;Misioneiras do Silencio&#8221;<\/div>\n<div class=\"textarea unknown\">Fil\u00f3sofa e cient\u00edfica brillante, exemplo de valor, autenticidade e beleza. Nunha \u00e9poca convulsionada, representou unha das correntes filos\u00f3ficas m\u00e1is importantes de Alexandr\u00eda: o neoplatonismo, que a\u00ednda hoxe \u00e9 inspiraci\u00f3n para un pensamento verdadeiramente libre.<\/div>\n<div class=\"options\">\n<p><label class=\"checkbox\" tabindex=\"33\" aria-describedby=\"hlpdes\"><label class=\"checkbox\" tabindex=\"33\" aria-describedby=\"hlpdes\">Palabras desco\u00f1ecidas<input id=\"marcar\" tabindex=\"-1\" checked=\"checked\" name=\"marcar\" type=\"checkbox\" \/><\/label><\/label><\/p>\n<div class=\"chk\"><\/div>\n<ul class=\"actions\">\n<li id=\"copy\" class=\"copy\"><a id=\"copiar-texto\" tabindex=\"34\"><\/a>Copiar<\/li>\n<\/ul>\n<\/div>\n<\/div>\n<\/div>\n","protected":false},"excerpt":{"rendered":"<p>Charla-coloquio \/\u00a0 Entrada gratu\u00edta. Consegue a t\u00faa entrada aqu\u00ed. Celebraci\u00f3n do D\u00eda Internacional da Muller Venres 9 de marzo de 2018 \u00e1s 19:30 h. Achega voluntaria: 1 kg. de comida non perecedoira que se doar\u00e1 ao comedor social de &#8220;Misioneiras  [&#8230;]<\/p>\n","protected":false},"author":2,"featured_media":0,"comment_status":"open","ping_status":"open","sticky":false,"template":"","format":"standard","meta":{"footnotes":""},"categories":[12],"tags":[],"class_list":["post-3001","post","type-post","status-publish","format-standard","hentry","category-conferencias-gal"],"_links":{"self":[{"href":"https:\/\/espaciogranvia.org\/gal\/wp-json\/wp\/v2\/posts\/3001","targetHints":{"allow":["GET"]}}],"collection":[{"href":"https:\/\/espaciogranvia.org\/gal\/wp-json\/wp\/v2\/posts"}],"about":[{"href":"https:\/\/espaciogranvia.org\/gal\/wp-json\/wp\/v2\/types\/post"}],"author":[{"embeddable":true,"href":"https:\/\/espaciogranvia.org\/gal\/wp-json\/wp\/v2\/users\/2"}],"replies":[{"embeddable":true,"href":"https:\/\/espaciogranvia.org\/gal\/wp-json\/wp\/v2\/comments?post=3001"}],"version-history":[{"count":6,"href":"https:\/\/espaciogranvia.org\/gal\/wp-json\/wp\/v2\/posts\/3001\/revisions"}],"predecessor-version":[{"id":3108,"href":"https:\/\/espaciogranvia.org\/gal\/wp-json\/wp\/v2\/posts\/3001\/revisions\/3108"}],"wp:attachment":[{"href":"https:\/\/espaciogranvia.org\/gal\/wp-json\/wp\/v2\/media?parent=3001"}],"wp:term":[{"taxonomy":"category","embeddable":true,"href":"https:\/\/espaciogranvia.org\/gal\/wp-json\/wp\/v2\/categories?post=3001"},{"taxonomy":"post_tag","embeddable":true,"href":"https:\/\/espaciogranvia.org\/gal\/wp-json\/wp\/v2\/tags?post=3001"}],"curies":[{"name":"wp","href":"https:\/\/api.w.org\/{rel}","templated":true}]}}