{"id":3639,"date":"2019-04-06T13:38:40","date_gmt":"2019-04-06T11:38:40","guid":{"rendered":"https:\/\/www.espaciogranvia.org\/cine-forum-milarepa-el-gran-yogui-del-tibet-2\/"},"modified":"2019-12-02T20:44:37","modified_gmt":"2019-12-02T19:44:37","slug":"cine-forum-milarepa-el-gran-yogui-del-tibet","status":"publish","type":"post","link":"https:\/\/espaciogranvia.org\/gal\/cine-forum-milarepa-el-gran-yogui-del-tibet\/","title":{"rendered":"Cinema- forum:  MILAREPA, O GRAN  YOGUI DO  TIBET"},"content":{"rendered":"<p><img decoding=\"async\" class=\"alignnone wp-image-3637\" src=\"https:\/\/www.espaciogranvia.org\/wp-content\/uploads\/2019\/04\/milarepa.espaciogranvia.jpg\" alt=\"\" width=\"460\" height=\"540\" \/><\/p>\n<p>&nbsp;<\/p>\n<p>Venres 12 de abril \u00e1s 19:00\u00a0 \/ Entrada gratu\u00edta<\/p>\n<p>Dirixida por Neten Chokling (2006)<\/p>\n<p>Milarepa \u00e9 a figura m\u00e1is representativa dos habitantes do T\u00edbet ou o Teito do Mundo, onde lle veneran como ao seu heroe espiritual, s\u00edmbolo da realizaci\u00f3n transcendente, que soubo, ademais, ensinar as s\u00faas profundas experiencias m\u00edsticas.<\/p>\n","protected":false},"excerpt":{"rendered":"<p>&nbsp; Venres 12 de abril \u00e1s 19:00\u00a0 \/ Entrada gratu\u00edta Dirixida por Neten Chokling (2006) Milarepa \u00e9 a figura m\u00e1is representativa dos habitantes do T\u00edbet ou o Teito do Mundo, onde lle veneran como ao seu heroe espiritual, s\u00edmbolo da  [&#8230;]<\/p>\n","protected":false},"author":2,"featured_media":8019,"comment_status":"open","ping_status":"open","sticky":false,"template":"","format":"standard","meta":{"footnotes":""},"categories":[10,11],"tags":[],"class_list":["post-3639","post","type-post","status-publish","format-standard","has-post-thumbnail","hentry","category-actividades-gal","category-cine-forum-gal"],"_links":{"self":[{"href":"https:\/\/espaciogranvia.org\/gal\/wp-json\/wp\/v2\/posts\/3639","targetHints":{"allow":["GET"]}}],"collection":[{"href":"https:\/\/espaciogranvia.org\/gal\/wp-json\/wp\/v2\/posts"}],"about":[{"href":"https:\/\/espaciogranvia.org\/gal\/wp-json\/wp\/v2\/types\/post"}],"author":[{"embeddable":true,"href":"https:\/\/espaciogranvia.org\/gal\/wp-json\/wp\/v2\/users\/2"}],"replies":[{"embeddable":true,"href":"https:\/\/espaciogranvia.org\/gal\/wp-json\/wp\/v2\/comments?post=3639"}],"version-history":[{"count":4,"href":"https:\/\/espaciogranvia.org\/gal\/wp-json\/wp\/v2\/posts\/3639\/revisions"}],"predecessor-version":[{"id":3651,"href":"https:\/\/espaciogranvia.org\/gal\/wp-json\/wp\/v2\/posts\/3639\/revisions\/3651"}],"wp:featuredmedia":[{"embeddable":true,"href":"https:\/\/espaciogranvia.org\/gal\/wp-json\/wp\/v2\/media\/8019"}],"wp:attachment":[{"href":"https:\/\/espaciogranvia.org\/gal\/wp-json\/wp\/v2\/media?parent=3639"}],"wp:term":[{"taxonomy":"category","embeddable":true,"href":"https:\/\/espaciogranvia.org\/gal\/wp-json\/wp\/v2\/categories?post=3639"},{"taxonomy":"post_tag","embeddable":true,"href":"https:\/\/espaciogranvia.org\/gal\/wp-json\/wp\/v2\/tags?post=3639"}],"curies":[{"name":"wp","href":"https:\/\/api.w.org\/{rel}","templated":true}]}}