{"id":3848,"date":"2019-07-07T16:34:27","date_gmt":"2019-07-07T14:34:27","guid":{"rendered":"https:\/\/www.espaciogranvia.org\/taller-yo-amo-a-los-monstruos-2\/"},"modified":"2019-12-12T11:17:01","modified_gmt":"2019-12-12T10:17:01","slug":"taller-yo-amo-a-los-monstruos","status":"publish","type":"post","link":"https:\/\/espaciogranvia.org\/gal\/taller-yo-amo-a-los-monstruos\/","title":{"rendered":"Taller: Eu AMO aos monstros"},"content":{"rendered":"<div class=\"fusion-fullwidth fullwidth-box fusion-builder-row-1 nonhundred-percent-fullwidth non-hundred-percent-height-scrolling\" style=\"--awb-border-radius-top-left:0px;--awb-border-radius-top-right:0px;--awb-border-radius-bottom-right:0px;--awb-border-radius-bottom-left:0px;--awb-flex-wrap:wrap;\" ><div class=\"fusion-builder-row fusion-row\"><div class=\"fusion-layout-column fusion_builder_column fusion-builder-column-0 fusion_builder_column_1_1 1_1 fusion-one-full fusion-column-first fusion-column-last\" style=\"--awb-bg-size:cover;--awb-margin-bottom:0px;\"><div class=\"fusion-column-wrapper fusion-flex-column-wrapper-legacy\"><div class=\"fusion-text fusion-text-1\"><div class=\"has-user-generated-content js-d-read-more read-more js-read-more read-more--medium-down read-more--expanded\" data-xd-wired=\"read-more\">\n<div class=\"js-xd-read-more-toggle-view read-more__toggle-view\">\n<div class=\"js-xd-read-more-contents l-mar-top-3\" data-automation=\"listing-event-description\">\n<p>Os monstros que amamos, porqu\u00e9, para que nos serven e de onde\u00a0ve\u00f1en<\/p>\n<p>Curso impartido por Lorena Amkie, escritora e Mestra en Letras<\/p>\n<p>Inicio: m\u00e9rcores 18 de setembro \u00e1s 19:00 horas.<\/p>\n<p>Duraci\u00f3n<\/p>\n<p>8 sesi\u00f3ns de d\u00faas horas cada unha.<\/p>\n<p>Presentaci\u00f3n gratu\u00edta \/ Prezo taller: 40\u20ac \/ mes<\/p>\n<p>Descrici\u00f3n:<\/p>\n<p>Tr\u00e1tase dun apaixonante percorrido multidisciplinario polas criaturas \u00e1s que tememos desde o principio dos tempos e ata hoxe; desde os grandes predadores ata as m\u00e1quinas, pasando polos cl\u00e1sicos como os vampiros, as bruxas e os homes lobo. A an\u00e1lise axudaranos a conectar co noso propio lado escuro e comprender porqu\u00e9 &#8220;o tama\u00f1o da nosa sombra \u00e9 o mesmo que o da nosa luz&#8221;.<\/p>\n<p>Obxectivos:<\/p>\n<p>1. Introduci\u00f3n a esta parte da historia do ser humano que tanto fascina hoxe e sempre pero coa que tanto se identificaron os mozos ultimamente.<\/p>\n<p>2. Axudar a comprender de onde ve\u00f1en os monstros historicamente e que utilidade te\u00f1en na vida das sociedades e os individuos.<\/p>\n<p>3. Entender aos monstros como met\u00e1foras dunha infinidade de cousas, entre elas a Otredad.<\/p>\n<p>4. Ampliar co\u00f1ecementos de mitolox\u00eda, psicolox\u00eda, simbolox\u00eda, etc\u00e9tera.<\/p>\n<p>5. Conectar co noso propio lado escuro.<\/p>\n<p>Dirixido a:<\/p>\n<p>Interesados de calquera idade; escritores, estudantes de historia, letras, arte, psicolox\u00eda, desenvolvemento humano, mitolox\u00eda&#8230;<\/p>\n<p>Metodolox\u00eda:<\/p>\n<p>Falaremos da orixe de cada monstro ou categor\u00eda de monstros, para despois analizar a s\u00faa utilidade e a s\u00faa evoluci\u00f3n. Estudaranse casos particulares a profundidade.<\/p>\n<p>Temas a tratar:<\/p>\n<p>0.\u00a0Introduci\u00f3n ao monstro:\u00a0Definici\u00f3ns, clasificaci\u00f3ns, conexi\u00f3n co ser humano.<\/p>\n<p>1.\u00a0Animais &amp; Co.: Grandes predadores, mesturas bestiais.<\/p>\n<p>2.\u00a0O Espello Deformado:\u00a0 Freaks,\u00a0sexualidades non binarias, etc.<\/p>\n<p>3.\u00a0O Dia\u00f1o &amp; Co.: Demos, s\u00facubos\/ \u00edncubos, bruxas.<\/p>\n<p>4.\u00a0Novas fronteiras: Libros de cabaler\u00edas, literatura de viaxes e alien\u00edxenas.<\/p>\n<p>5.\u00a0Os que volven: Pantasmas, vampiros, zombis.<\/p>\n<p>6.\u00a0Os que creamos: Golems, robots, cyborgs, virus?<\/p>\n<p>7.\u00a0Os que elixen selo: Fascistas, psic\u00f3patas.<\/p>\n<p>8. Quen \u00e9 o monstro?<\/p>\n<p><a href=\"http:\/\/www.espaciogranvia.org\/pre-inscripciones\/\"><img decoding=\"async\" class=\"alignnone size-full wp-image-504\" src=\"http:\/\/www.espaciogranvia.org\/wp-content\/uploads\/2014\/08\/inscribete.png\" alt=\"Inscr\u00edbete\" width=\"148\" height=\"59\" \/><\/a><\/p>\n<\/div>\n<\/div>\n<\/div>\n<\/div><div class=\"fusion-clearfix\"><\/div><\/div><\/div><\/div><\/div>\n","protected":false},"excerpt":{"rendered":"","protected":false},"author":2,"featured_media":4096,"comment_status":"open","ping_status":"open","sticky":false,"template":"","format":"standard","meta":{"footnotes":""},"categories":[21],"tags":[],"class_list":["post-3848","post","type-post","status-publish","format-standard","has-post-thumbnail","hentry","category-club-de-lectura-gal"],"_links":{"self":[{"href":"https:\/\/espaciogranvia.org\/gal\/wp-json\/wp\/v2\/posts\/3848","targetHints":{"allow":["GET"]}}],"collection":[{"href":"https:\/\/espaciogranvia.org\/gal\/wp-json\/wp\/v2\/posts"}],"about":[{"href":"https:\/\/espaciogranvia.org\/gal\/wp-json\/wp\/v2\/types\/post"}],"author":[{"embeddable":true,"href":"https:\/\/espaciogranvia.org\/gal\/wp-json\/wp\/v2\/users\/2"}],"replies":[{"embeddable":true,"href":"https:\/\/espaciogranvia.org\/gal\/wp-json\/wp\/v2\/comments?post=3848"}],"version-history":[{"count":9,"href":"https:\/\/espaciogranvia.org\/gal\/wp-json\/wp\/v2\/posts\/3848\/revisions"}],"predecessor-version":[{"id":4094,"href":"https:\/\/espaciogranvia.org\/gal\/wp-json\/wp\/v2\/posts\/3848\/revisions\/4094"}],"wp:featuredmedia":[{"embeddable":true,"href":"https:\/\/espaciogranvia.org\/gal\/wp-json\/wp\/v2\/media\/4096"}],"wp:attachment":[{"href":"https:\/\/espaciogranvia.org\/gal\/wp-json\/wp\/v2\/media?parent=3848"}],"wp:term":[{"taxonomy":"category","embeddable":true,"href":"https:\/\/espaciogranvia.org\/gal\/wp-json\/wp\/v2\/categories?post=3848"},{"taxonomy":"post_tag","embeddable":true,"href":"https:\/\/espaciogranvia.org\/gal\/wp-json\/wp\/v2\/tags?post=3848"}],"curies":[{"name":"wp","href":"https:\/\/api.w.org\/{rel}","templated":true}]}}