{"id":4561,"date":"2020-11-09T20:09:54","date_gmt":"2020-11-09T19:09:54","guid":{"rendered":"https:\/\/espaciogranvia.org\/?p=4561"},"modified":"2020-11-23T19:44:23","modified_gmt":"2020-11-23T18:44:23","slug":"filosofia-estoica-fortaleza-ante-a-adversidade","status":"publish","type":"post","link":"https:\/\/espaciogranvia.org\/gal\/filosofia-estoica-fortaleza-ante-a-adversidade\/","title":{"rendered":"FILOSOF\u00cdA  ESTOICA: FORTALEZA ANTE A ADVERSIDADE"},"content":{"rendered":"<div class=\"fusion-fullwidth fullwidth-box fusion-builder-row-1 nonhundred-percent-fullwidth non-hundred-percent-height-scrolling\" style=\"--awb-border-radius-top-left:0px;--awb-border-radius-top-right:0px;--awb-border-radius-bottom-right:0px;--awb-border-radius-bottom-left:0px;--awb-flex-wrap:wrap;\" ><div class=\"fusion-builder-row fusion-row\"><div class=\"fusion-layout-column fusion_builder_column fusion-builder-column-0 fusion_builder_column_1_1 1_1 fusion-one-full fusion-column-first fusion-column-last\" style=\"--awb-bg-size:cover;--awb-margin-bottom:0px;\"><div class=\"fusion-column-wrapper fusion-flex-column-wrapper-legacy\"><div class=\"fusion-text fusion-text-1\"><p>Consegue a t\u00faa entrada gratu\u00edta:<\/p>\n<p>Por que angustiarse polo que non est\u00e1 ao noso alcance?<\/p>\n<p>O tempo que se perde entre preocupaci\u00f3ns non nolo devolve ningu\u00e9n: ou se act\u00faa para cambiar os contratempos ou, se son inevitables, \u00e9 mellor facer o coraz\u00f3n valente e pasalos con firmeza. Grandes fil\u00f3sofos tam\u00e9n tiveron que aprender a xestionar as adversidades coti\u00e1s e manter a liberdade interior en todo momento. Son estes mesmos fil\u00f3sofos os que nos aconsellaron durante anos a trav\u00e9s das s\u00faas reflexi\u00f3ns e mediante a filosof\u00eda estoica.<\/p>\n<\/div><div class=\"fusion-clearfix\"><\/div><\/div><\/div><\/div><\/div>\n","protected":false},"excerpt":{"rendered":"","protected":false},"author":2,"featured_media":4559,"comment_status":"open","ping_status":"open","sticky":false,"template":"","format":"standard","meta":{"footnotes":""},"categories":[12,23],"tags":[],"class_list":["post-4561","post","type-post","status-publish","format-standard","has-post-thumbnail","hentry","category-conferencias-gal","category-filosofia-gal"],"_links":{"self":[{"href":"https:\/\/espaciogranvia.org\/gal\/wp-json\/wp\/v2\/posts\/4561","targetHints":{"allow":["GET"]}}],"collection":[{"href":"https:\/\/espaciogranvia.org\/gal\/wp-json\/wp\/v2\/posts"}],"about":[{"href":"https:\/\/espaciogranvia.org\/gal\/wp-json\/wp\/v2\/types\/post"}],"author":[{"embeddable":true,"href":"https:\/\/espaciogranvia.org\/gal\/wp-json\/wp\/v2\/users\/2"}],"replies":[{"embeddable":true,"href":"https:\/\/espaciogranvia.org\/gal\/wp-json\/wp\/v2\/comments?post=4561"}],"version-history":[{"count":2,"href":"https:\/\/espaciogranvia.org\/gal\/wp-json\/wp\/v2\/posts\/4561\/revisions"}],"predecessor-version":[{"id":4596,"href":"https:\/\/espaciogranvia.org\/gal\/wp-json\/wp\/v2\/posts\/4561\/revisions\/4596"}],"wp:featuredmedia":[{"embeddable":true,"href":"https:\/\/espaciogranvia.org\/gal\/wp-json\/wp\/v2\/media\/4559"}],"wp:attachment":[{"href":"https:\/\/espaciogranvia.org\/gal\/wp-json\/wp\/v2\/media?parent=4561"}],"wp:term":[{"taxonomy":"category","embeddable":true,"href":"https:\/\/espaciogranvia.org\/gal\/wp-json\/wp\/v2\/categories?post=4561"},{"taxonomy":"post_tag","embeddable":true,"href":"https:\/\/espaciogranvia.org\/gal\/wp-json\/wp\/v2\/tags?post=4561"}],"curies":[{"name":"wp","href":"https:\/\/api.w.org\/{rel}","templated":true}]}}