{"id":4697,"date":"2021-02-16T12:24:52","date_gmt":"2021-02-16T11:24:52","guid":{"rendered":"https:\/\/espaciogranvia.org\/?p=4697"},"modified":"2023-11-01T14:37:28","modified_gmt":"2023-11-01T13:37:28","slug":"presentacion-gratuita-curso-filosofia-para-vivir-2","status":"publish","type":"post","link":"https:\/\/espaciogranvia.org\/gal\/presentacion-gratuita-curso-filosofia-para-vivir-2\/","title":{"rendered":"Curso de Filosof\u00eda para Vivir"},"content":{"rendered":"<div class=\"fusion-fullwidth fullwidth-box fusion-builder-row-1 fusion-flex-container nonhundred-percent-fullwidth non-hundred-percent-height-scrolling\" style=\"--awb-border-radius-top-left:0px;--awb-border-radius-top-right:0px;--awb-border-radius-bottom-right:0px;--awb-border-radius-bottom-left:0px;--awb-flex-wrap:wrap;\" ><div class=\"fusion-builder-row fusion-row fusion-flex-align-items-flex-start fusion-flex-content-wrap\" style=\"max-width:1248px;margin-left: calc(-4% \/ 2 );margin-right: calc(-4% \/ 2 );\"><div class=\"fusion-layout-column fusion_builder_column fusion-builder-column-0 fusion_builder_column_1_1 1_1 fusion-flex-column\" style=\"--awb-bg-size:cover;--awb-width-large:100%;--awb-margin-top-large:0px;--awb-spacing-right-large:1.92%;--awb-margin-bottom-large:0px;--awb-spacing-left-large:1.92%;--awb-width-medium:100%;--awb-spacing-right-medium:1.92%;--awb-spacing-left-medium:1.92%;--awb-width-small:100%;--awb-spacing-right-small:1.92%;--awb-spacing-left-small:1.92%;\"><div class=\"fusion-column-wrapper fusion-flex-justify-content-flex-start fusion-content-layout-column\"><div class=\"fusion-text fusion-text-1\" style=\"--awb-text-transform:none;\"><p>?\u00a0 Jueves 31 de marzo a las 19:00 horas. \u23f0 \u270c Presentaci\u00f3n y primera clase gratuitas.?<\/p>\n<p>Presencial. Aforo limitado.<\/p>\n<p>Consigue tu entrada: <a href=\"https:\/\/bit.ly\/3u6z0D2\">https:\/\/bit.ly\/3u6z0D2<\/a><\/p>\n<p>? El Universo est\u00e1 siempre en movimiento y los seres humanos tambi\u00e9n.<\/p>\n<p>\u00bfHacia d\u00f3nde te mueves t\u00fa? Te proponemos algo?<\/p>\n<p>\u00a1Curso de filosof\u00eda: LA AVENTURA DE VIVIR!<\/p>\n<p>Ac\u00e9rcate a la sabidur\u00eda de las principales filosof\u00edas de Oriente y Occidente ?\u200d\u2642\ufe0f Los grandes sabios de la humanidad nos han dejado pistas para que podamos encontrar nuestro propio camino. Pero este camino no es para cualquiera. S\u00f3lo para los que buscan.<\/p>\n<p>&#8211; Pr\u00f3xima apertura:<\/p>\n<p>? Jueves 31 de marzo, de 19:00 a 20:30 horas \u23f0 \u270c?<\/p>\n<p>\u27a1\ufe0f Duraci\u00f3n: 20 clases\/1 d\u00eda a la semana<\/p>\n<p>??\u200d\u2640\ufe0f \u00a1Dirigido a todo el mundo que busca conocerse!<\/p>\n<p>\u2022Plazas limitadas. Reserva tu entrada cuanto antes\u2022<\/p>\n<p>?Su forma, sencilla y profunda a la vez, permite que cualquier persona pueda seguirlo.<\/p>\n<p>? M\u00e1s informaci\u00f3n y reserva \u2014&gt; info@espaciogranvia.org<\/p>\n<p>-&gt; Tambien por watsapp : 620 972 419<\/p>\n<\/div><\/div><\/div><\/div><\/div>\n","protected":false},"excerpt":{"rendered":"","protected":false},"author":2,"featured_media":5429,"comment_status":"open","ping_status":"open","sticky":false,"template":"","format":"standard","meta":{"footnotes":""},"categories":[3,1],"tags":[],"class_list":["post-4697","post","type-post","status-publish","format-standard","has-post-thumbnail","hentry","category-actividades","category-cursos-talleres"],"_links":{"self":[{"href":"https:\/\/espaciogranvia.org\/gal\/wp-json\/wp\/v2\/posts\/4697","targetHints":{"allow":["GET"]}}],"collection":[{"href":"https:\/\/espaciogranvia.org\/gal\/wp-json\/wp\/v2\/posts"}],"about":[{"href":"https:\/\/espaciogranvia.org\/gal\/wp-json\/wp\/v2\/types\/post"}],"author":[{"embeddable":true,"href":"https:\/\/espaciogranvia.org\/gal\/wp-json\/wp\/v2\/users\/2"}],"replies":[{"embeddable":true,"href":"https:\/\/espaciogranvia.org\/gal\/wp-json\/wp\/v2\/comments?post=4697"}],"version-history":[{"count":65,"href":"https:\/\/espaciogranvia.org\/gal\/wp-json\/wp\/v2\/posts\/4697\/revisions"}],"predecessor-version":[{"id":5554,"href":"https:\/\/espaciogranvia.org\/gal\/wp-json\/wp\/v2\/posts\/4697\/revisions\/5554"}],"wp:featuredmedia":[{"embeddable":true,"href":"https:\/\/espaciogranvia.org\/gal\/wp-json\/wp\/v2\/media\/5429"}],"wp:attachment":[{"href":"https:\/\/espaciogranvia.org\/gal\/wp-json\/wp\/v2\/media?parent=4697"}],"wp:term":[{"taxonomy":"category","embeddable":true,"href":"https:\/\/espaciogranvia.org\/gal\/wp-json\/wp\/v2\/categories?post=4697"},{"taxonomy":"post_tag","embeddable":true,"href":"https:\/\/espaciogranvia.org\/gal\/wp-json\/wp\/v2\/tags?post=4697"}],"curies":[{"name":"wp","href":"https:\/\/api.w.org\/{rel}","templated":true}]}}