{"id":4987,"date":"2021-10-05T18:53:44","date_gmt":"2021-10-05T16:53:44","guid":{"rendered":"https:\/\/espaciogranvia.org\/?p=4987"},"modified":"2021-11-25T21:18:15","modified_gmt":"2021-11-25T20:18:15","slug":"obradoiro-de-tecnicas-de-estudo","status":"publish","type":"post","link":"https:\/\/espaciogranvia.org\/gal\/obradoiro-de-tecnicas-de-estudo\/","title":{"rendered":"OBRADOIRO DE T\u00c9CNICAS DE ESTUDO"},"content":{"rendered":"<div class=\"fusion-fullwidth fullwidth-box fusion-builder-row-1 nonhundred-percent-fullwidth non-hundred-percent-height-scrolling\" style=\"--awb-border-radius-top-left:0px;--awb-border-radius-top-right:0px;--awb-border-radius-bottom-right:0px;--awb-border-radius-bottom-left:0px;--awb-flex-wrap:wrap;\" ><div class=\"fusion-builder-row fusion-row\"><div class=\"fusion-layout-column fusion_builder_column fusion-builder-column-0 fusion_builder_column_1_1 1_1 fusion-one-full fusion-column-first fusion-column-last\" style=\"--awb-bg-size:cover;--awb-margin-bottom:0px;\"><div class=\"fusion-column-wrapper fusion-flex-column-wrapper-legacy\"><div class=\"fusion-text fusion-text-1\" style=\"--awb-text-transform:none;\"><p><strong>A aprender tam\u00e9n se aprende<\/strong><\/p>\n<p>VENRES, 19 DE NOVEMBRO DE 2021 DE 18:00 A 21:00<\/p>\n<p>Presencial. 1\u00aa media hora presentaci\u00f3n gratu\u00edta.<\/p>\n<p>Consegue a t\u00faa entrada gratu\u00edta: <a href=\"https:\/\/ bit. ly\/3iTycNh\">https:\/\/ bit. ly\/3 iTycNh<\/a><\/p>\n<p>O estudo \u00e9 unha forma de traballo e, como todo traballo, require unha aprendizaxe.<\/p>\n<p>Aprender a estudar non \u00e9 m\u00e1is f\u00e1cil nin m\u00e1is dif\u00edcil que o resto das aprendizaxes que realizamos ao longo da nosa vida.<\/p>\n<p>Est\u00e1 demostrado que o fracaso no estudo, en gran parte, \u00e9 debido a que o alumno ou alumna non sabe estudar, nin lle ensinaron, e como somos conscientes diso, \u00e9 polo que pensamos que ofrecerlles e traballar nun obradoiro de \u00abt\u00e9cnicas de estudo\u00bb pode ser altamente positivo.<\/p>\n<p>A formaci\u00f3n cultural da persoa s\u00f3 se consegue se os contidos, a informaci\u00f3n e, en xeral, a aprendizaxe asim\u00edlanse e fanse propios. Iso ser\u00e1 posible se o estudo conv\u00e9rtese nunha tarefa persoal e se empr\u00e9ganse unhas t\u00e9cnicas adecuadas.<\/p>\n<\/div><div class=\"fusion-clearfix\"><\/div><\/div><\/div><\/div><\/div>\n","protected":false},"excerpt":{"rendered":"","protected":false},"author":2,"featured_media":4985,"comment_status":"open","ping_status":"open","sticky":false,"template":"","format":"standard","meta":{"footnotes":""},"categories":[22],"tags":[],"class_list":["post-4987","post","type-post","status-publish","format-standard","has-post-thumbnail","hentry","category-cursos-e-obradoiros"],"_links":{"self":[{"href":"https:\/\/espaciogranvia.org\/gal\/wp-json\/wp\/v2\/posts\/4987","targetHints":{"allow":["GET"]}}],"collection":[{"href":"https:\/\/espaciogranvia.org\/gal\/wp-json\/wp\/v2\/posts"}],"about":[{"href":"https:\/\/espaciogranvia.org\/gal\/wp-json\/wp\/v2\/types\/post"}],"author":[{"embeddable":true,"href":"https:\/\/espaciogranvia.org\/gal\/wp-json\/wp\/v2\/users\/2"}],"replies":[{"embeddable":true,"href":"https:\/\/espaciogranvia.org\/gal\/wp-json\/wp\/v2\/comments?post=4987"}],"version-history":[{"count":7,"href":"https:\/\/espaciogranvia.org\/gal\/wp-json\/wp\/v2\/posts\/4987\/revisions"}],"predecessor-version":[{"id":5255,"href":"https:\/\/espaciogranvia.org\/gal\/wp-json\/wp\/v2\/posts\/4987\/revisions\/5255"}],"wp:featuredmedia":[{"embeddable":true,"href":"https:\/\/espaciogranvia.org\/gal\/wp-json\/wp\/v2\/media\/4985"}],"wp:attachment":[{"href":"https:\/\/espaciogranvia.org\/gal\/wp-json\/wp\/v2\/media?parent=4987"}],"wp:term":[{"taxonomy":"category","embeddable":true,"href":"https:\/\/espaciogranvia.org\/gal\/wp-json\/wp\/v2\/categories?post=4987"},{"taxonomy":"post_tag","embeddable":true,"href":"https:\/\/espaciogranvia.org\/gal\/wp-json\/wp\/v2\/tags?post=4987"}],"curies":[{"name":"wp","href":"https:\/\/api.w.org\/{rel}","templated":true}]}}