{"id":5299,"date":"2021-12-09T21:30:33","date_gmt":"2021-12-09T20:30:33","guid":{"rendered":"https:\/\/espaciogranvia.org\/?p=5299"},"modified":"2021-12-13T12:50:55","modified_gmt":"2021-12-13T11:50:55","slug":"encontro-do-clube-de-lectura-valle-inclan-cen-anos-de-soidade","status":"publish","type":"post","link":"https:\/\/espaciogranvia.org\/gal\/encontro-do-clube-de-lectura-valle-inclan-cen-anos-de-soidade\/","title":{"rendered":"Encontro do CLUBE DE LECTURA Valle-Incl\u00e1n: &#8220;CEN ANOS DE SOIDADE&#8221;"},"content":{"rendered":"<div class=\"fusion-fullwidth fullwidth-box fusion-builder-row-1 fusion-flex-container nonhundred-percent-fullwidth non-hundred-percent-height-scrolling\" style=\"--awb-border-radius-top-left:0px;--awb-border-radius-top-right:0px;--awb-border-radius-bottom-right:0px;--awb-border-radius-bottom-left:0px;--awb-flex-wrap:wrap;\" ><div class=\"fusion-builder-row fusion-row fusion-flex-align-items-flex-start fusion-flex-content-wrap\" style=\"max-width:1248px;margin-left: calc(-4% \/ 2 );margin-right: calc(-4% \/ 2 );\"><div class=\"fusion-layout-column fusion_builder_column fusion-builder-column-0 fusion_builder_column_1_1 1_1 fusion-flex-column\" style=\"--awb-bg-size:cover;--awb-width-large:100%;--awb-margin-top-large:0px;--awb-spacing-right-large:1.92%;--awb-margin-bottom-large:0px;--awb-spacing-left-large:1.92%;--awb-width-medium:100%;--awb-spacing-right-medium:1.92%;--awb-spacing-left-medium:1.92%;--awb-width-small:100%;--awb-spacing-right-small:1.92%;--awb-spacing-left-small:1.92%;\"><div class=\"fusion-column-wrapper fusion-flex-justify-content-flex-start fusion-content-layout-column\"><div class=\"fusion-text fusion-text-1\" style=\"--awb-text-transform:none;\"><p>Acomp\u00e1\u00f1anos a descubrir o simbolismo que ten esta gran obra universal: estudaremos con ela o sentido dos ciclos da Historia.<br \/>\nVENRES 21 DE XANEIRO DE 2022, \u00c1S 19:00 HORAS.<br \/>\nPresencial. Aforo limitado. Entrada gratu\u00edta.<br \/>\nConsegue a t\u00faa entrada: <a href=\"https:\/\/bit.ly\/3oOdH7K\">https:\/\/bit.ly\/3oOdH7K<\/a><\/p>\n<p>A novela &#8220;Cen anos de soidade&#8221; foi escrita por Gabriel Garc\u00eda M\u00e1rquez durante 18 meses,\u200b entre 1965 e 1966 na Cidade de M\u00e9xico, e publicouse por primeira vez a mediados de 1967 en Buenos Aires.<br \/>\nNarra a historia da familia Buend\u00eda, iniciada polo matrimonio de primos Jos\u00e9 Arcadio Buend\u00eda e \u00darsula Iguar\u00e1n, ao longo de 7 xeraci\u00f3ns no pobo ficticio de Macondo,\u200b que casaron cheos de presaxios e temores polo seu parentesco e o mito existente na rexi\u00f3n de que a s\u00faa descendencia pod\u00eda ter rabo de porco.<br \/>\nNela podemos descubrir os seguintes temas centrais: a soidade, o realismo m\u00e1xico, o incesto, referencias relixiosas; as\u00ed como a transcendencia que supuxo para a Literatura Universal e o seu autor.<\/p>\n<\/div><\/div><\/div><\/div><\/div>\n","protected":false},"excerpt":{"rendered":"","protected":false},"author":2,"featured_media":5295,"comment_status":"open","ping_status":"open","sticky":false,"template":"","format":"standard","meta":{"footnotes":""},"categories":[21],"tags":[],"class_list":["post-5299","post","type-post","status-publish","format-standard","has-post-thumbnail","hentry","category-club-de-lectura-gal"],"_links":{"self":[{"href":"https:\/\/espaciogranvia.org\/gal\/wp-json\/wp\/v2\/posts\/5299","targetHints":{"allow":["GET"]}}],"collection":[{"href":"https:\/\/espaciogranvia.org\/gal\/wp-json\/wp\/v2\/posts"}],"about":[{"href":"https:\/\/espaciogranvia.org\/gal\/wp-json\/wp\/v2\/types\/post"}],"author":[{"embeddable":true,"href":"https:\/\/espaciogranvia.org\/gal\/wp-json\/wp\/v2\/users\/2"}],"replies":[{"embeddable":true,"href":"https:\/\/espaciogranvia.org\/gal\/wp-json\/wp\/v2\/comments?post=5299"}],"version-history":[{"count":2,"href":"https:\/\/espaciogranvia.org\/gal\/wp-json\/wp\/v2\/posts\/5299\/revisions"}],"predecessor-version":[{"id":5305,"href":"https:\/\/espaciogranvia.org\/gal\/wp-json\/wp\/v2\/posts\/5299\/revisions\/5305"}],"wp:featuredmedia":[{"embeddable":true,"href":"https:\/\/espaciogranvia.org\/gal\/wp-json\/wp\/v2\/media\/5295"}],"wp:attachment":[{"href":"https:\/\/espaciogranvia.org\/gal\/wp-json\/wp\/v2\/media?parent=5299"}],"wp:term":[{"taxonomy":"category","embeddable":true,"href":"https:\/\/espaciogranvia.org\/gal\/wp-json\/wp\/v2\/categories?post=5299"},{"taxonomy":"post_tag","embeddable":true,"href":"https:\/\/espaciogranvia.org\/gal\/wp-json\/wp\/v2\/tags?post=5299"}],"curies":[{"name":"wp","href":"https:\/\/api.w.org\/{rel}","templated":true}]}}