{"id":5322,"date":"2021-12-16T20:50:14","date_gmt":"2021-12-16T19:50:14","guid":{"rendered":"https:\/\/espaciogranvia.org\/?p=5322"},"modified":"2022-01-13T21:13:18","modified_gmt":"2022-01-13T20:13:18","slug":"charla-filosofica-asi-falou-zaratustra-de-f-nietzsche-ensinos-para-a-alma","status":"publish","type":"post","link":"https:\/\/espaciogranvia.org\/gal\/charla-filosofica-asi-falou-zaratustra-de-f-nietzsche-ensinos-para-a-alma\/","title":{"rendered":"Charla filos\u00f3fica: &#8220;AS\u00cd FALOU ZARATUSTRA&#8221; (de F. Nietzsche). Ensinos para a alma."},"content":{"rendered":"<div class=\"fusion-fullwidth fullwidth-box fusion-builder-row-1 fusion-flex-container nonhundred-percent-fullwidth non-hundred-percent-height-scrolling\" style=\"--awb-border-radius-top-left:0px;--awb-border-radius-top-right:0px;--awb-border-radius-bottom-right:0px;--awb-border-radius-bottom-left:0px;--awb-flex-wrap:wrap;\" ><div class=\"fusion-builder-row fusion-row fusion-flex-align-items-flex-start fusion-flex-content-wrap\" style=\"max-width:1248px;margin-left: calc(-4% \/ 2 );margin-right: calc(-4% \/ 2 );\"><div class=\"fusion-layout-column fusion_builder_column fusion-builder-column-0 fusion_builder_column_1_1 1_1 fusion-flex-column\" style=\"--awb-bg-size:cover;--awb-width-large:100%;--awb-margin-top-large:0px;--awb-spacing-right-large:1.92%;--awb-margin-bottom-large:0px;--awb-spacing-left-large:1.92%;--awb-width-medium:100%;--awb-spacing-right-medium:1.92%;--awb-spacing-left-medium:1.92%;--awb-width-small:100%;--awb-spacing-right-small:1.92%;--awb-spacing-left-small:1.92%;\"><div class=\"fusion-column-wrapper fusion-flex-justify-content-flex-start fusion-content-layout-column\"><div class=\"fusion-text fusion-text-1\" style=\"--awb-text-transform:none;\"><p><span style=\"color: #000000;\">En \u00abAs\u00ed falou Zaratustra\u00bb, Nietzsche v\u00eda o home no centro, no medio, como un punto entre o ceo e a terra. \u00c9 a capacidade do amor e de superaci\u00f3n de si mesmo o que fai del unha ponte, un lazo de uni\u00f3n.<\/span><\/p>\n<p><span style=\"color: #000000;\"><strong>VENRES 14 DE XANEIRO DE 2022, \u00c1s 19:30 HORAS.<\/strong><\/span><br \/>\n<span style=\"color: #000000;\"><strong>Presencial. Aforo limitado. Entrada gratu\u00edta.<\/strong><\/span><br \/>\n<span style=\"color: #000000;\"><strong>Consegue a t\u00faa entrada:<\/strong> <a style=\"color: #000000;\" href=\"https:\/\/bit.ly\/3GOzjHj\">https:\/\/bit.ly\/3GOzjHj<\/a><\/span><br \/>\n<span style=\"color: #000000;\">\u00abAs\u00ed falou Zaratustra\u00bb, o libro m\u00e1is soado e controvertido de toda a obra de Friedrich Nietzsche, s\u00e9rvese da figura semilexendaria de Zoroastro, fil\u00f3sofo persa do s\u00e9culo VI a. C., para desenvolver, mediante unha trama de elementos narrativos, conceptuais e l\u00edricos, os 4 grandes temas que integran o seu legado:<\/span><br \/>\n<span style=\"color: #000000;\">o superhome, a morte de Deus, a vontade de poder e o eterno retorno do id\u00e9ntico.<\/span><\/p>\n<\/div><\/div><\/div><\/div><\/div>\n","protected":false},"excerpt":{"rendered":"","protected":false},"author":2,"featured_media":5328,"comment_status":"open","ping_status":"open","sticky":false,"template":"","format":"standard","meta":{"footnotes":""},"categories":[12],"tags":[],"class_list":["post-5322","post","type-post","status-publish","format-standard","has-post-thumbnail","hentry","category-conferencias-gal"],"_links":{"self":[{"href":"https:\/\/espaciogranvia.org\/gal\/wp-json\/wp\/v2\/posts\/5322","targetHints":{"allow":["GET"]}}],"collection":[{"href":"https:\/\/espaciogranvia.org\/gal\/wp-json\/wp\/v2\/posts"}],"about":[{"href":"https:\/\/espaciogranvia.org\/gal\/wp-json\/wp\/v2\/types\/post"}],"author":[{"embeddable":true,"href":"https:\/\/espaciogranvia.org\/gal\/wp-json\/wp\/v2\/users\/2"}],"replies":[{"embeddable":true,"href":"https:\/\/espaciogranvia.org\/gal\/wp-json\/wp\/v2\/comments?post=5322"}],"version-history":[{"count":6,"href":"https:\/\/espaciogranvia.org\/gal\/wp-json\/wp\/v2\/posts\/5322\/revisions"}],"predecessor-version":[{"id":5365,"href":"https:\/\/espaciogranvia.org\/gal\/wp-json\/wp\/v2\/posts\/5322\/revisions\/5365"}],"wp:featuredmedia":[{"embeddable":true,"href":"https:\/\/espaciogranvia.org\/gal\/wp-json\/wp\/v2\/media\/5328"}],"wp:attachment":[{"href":"https:\/\/espaciogranvia.org\/gal\/wp-json\/wp\/v2\/media?parent=5322"}],"wp:term":[{"taxonomy":"category","embeddable":true,"href":"https:\/\/espaciogranvia.org\/gal\/wp-json\/wp\/v2\/categories?post=5322"},{"taxonomy":"post_tag","embeddable":true,"href":"https:\/\/espaciogranvia.org\/gal\/wp-json\/wp\/v2\/tags?post=5322"}],"curies":[{"name":"wp","href":"https:\/\/api.w.org\/{rel}","templated":true}]}}