{"id":5401,"date":"2022-02-01T18:43:25","date_gmt":"2022-02-01T17:43:25","guid":{"rendered":"https:\/\/espaciogranvia.org\/?p=5401"},"modified":"2022-02-02T21:18:17","modified_gmt":"2022-02-02T20:18:17","slug":"charla-filosofica-tesla-o-mago-da-luz","status":"publish","type":"post","link":"https:\/\/espaciogranvia.org\/gal\/charla-filosofica-tesla-o-mago-da-luz\/","title":{"rendered":"Charla filos\u00f3fica: &#8220;TESLA, O MAGO DA LUZ&#8221;."},"content":{"rendered":"<div class=\"fusion-fullwidth fullwidth-box fusion-builder-row-1 fusion-flex-container nonhundred-percent-fullwidth non-hundred-percent-height-scrolling\" style=\"--awb-border-radius-top-left:0px;--awb-border-radius-top-right:0px;--awb-border-radius-bottom-right:0px;--awb-border-radius-bottom-left:0px;--awb-flex-wrap:wrap;\" ><div class=\"fusion-builder-row fusion-row fusion-flex-align-items-flex-start fusion-flex-content-wrap\" style=\"max-width:1248px;margin-left: calc(-4% \/ 2 );margin-right: calc(-4% \/ 2 );\"><div class=\"fusion-layout-column fusion_builder_column fusion-builder-column-0 fusion_builder_column_1_1 1_1 fusion-flex-column\" style=\"--awb-bg-size:cover;--awb-width-large:100%;--awb-margin-top-large:0px;--awb-spacing-right-large:1.92%;--awb-margin-bottom-large:0px;--awb-spacing-left-large:1.92%;--awb-width-medium:100%;--awb-spacing-right-medium:1.92%;--awb-spacing-left-medium:1.92%;--awb-width-small:100%;--awb-spacing-right-small:1.92%;--awb-spacing-left-small:1.92%;\"><div class=\"fusion-column-wrapper fusion-flex-justify-content-flex-start fusion-content-layout-column\"><div class=\"fusion-text fusion-text-1\" style=\"--awb-text-transform:none;\"><p>VENRES 11 DE FEBREIRO, DE 19:30 A 21:00 HORAS<br \/>\nEn Espazo Gran V\u00eda: Avenida Gran V\u00eda, 2 \u2013 3\u00ba esquerda, VIGO.<br \/>\nEntrada gratu\u00edta. Presencial. Aforo limitado.<br \/>\nConsegue a t\u00faa entrada: <a href=\"https:\/\/bit.ly\/3ohQES7\">https:\/\/bit.ly\/3ohQES7<\/a><\/p>\n<p>Todos os seus esforzos estaban consagrados a mellorar a condici\u00f3n humana .<br \/>\nUn dos seus bi\u00f3grafos describiu a Nikola Tesla como \u201co home que inventou o s\u00e9culo XX\u201d. E certamente que as\u00ed \u00e9. Non s\u00f3 \u00e9 o maior cient\u00edfico e inventor de toda a historia (Einstein, Maxwell, Marconi, son ananos en comparaci\u00f3n co tama\u00f1o da obra de Tesla), sen\u00f3n que al\u00ed onde dirixamos a mirada atopar\u00e9monos inventos que el desenvolveu ou que dixo realizar, e temos bastantes raz\u00f3ns para crerlle.<\/p>\n<\/div><\/div><\/div><\/div><\/div>\n","protected":false},"excerpt":{"rendered":"","protected":false},"author":2,"featured_media":5399,"comment_status":"open","ping_status":"open","sticky":false,"template":"","format":"standard","meta":{"footnotes":""},"categories":[12],"tags":[],"class_list":["post-5401","post","type-post","status-publish","format-standard","has-post-thumbnail","hentry","category-conferencias-gal"],"_links":{"self":[{"href":"https:\/\/espaciogranvia.org\/gal\/wp-json\/wp\/v2\/posts\/5401","targetHints":{"allow":["GET"]}}],"collection":[{"href":"https:\/\/espaciogranvia.org\/gal\/wp-json\/wp\/v2\/posts"}],"about":[{"href":"https:\/\/espaciogranvia.org\/gal\/wp-json\/wp\/v2\/types\/post"}],"author":[{"embeddable":true,"href":"https:\/\/espaciogranvia.org\/gal\/wp-json\/wp\/v2\/users\/2"}],"replies":[{"embeddable":true,"href":"https:\/\/espaciogranvia.org\/gal\/wp-json\/wp\/v2\/comments?post=5401"}],"version-history":[{"count":3,"href":"https:\/\/espaciogranvia.org\/gal\/wp-json\/wp\/v2\/posts\/5401\/revisions"}],"predecessor-version":[{"id":5420,"href":"https:\/\/espaciogranvia.org\/gal\/wp-json\/wp\/v2\/posts\/5401\/revisions\/5420"}],"wp:featuredmedia":[{"embeddable":true,"href":"https:\/\/espaciogranvia.org\/gal\/wp-json\/wp\/v2\/media\/5399"}],"wp:attachment":[{"href":"https:\/\/espaciogranvia.org\/gal\/wp-json\/wp\/v2\/media?parent=5401"}],"wp:term":[{"taxonomy":"category","embeddable":true,"href":"https:\/\/espaciogranvia.org\/gal\/wp-json\/wp\/v2\/categories?post=5401"},{"taxonomy":"post_tag","embeddable":true,"href":"https:\/\/espaciogranvia.org\/gal\/wp-json\/wp\/v2\/tags?post=5401"}],"curies":[{"name":"wp","href":"https:\/\/api.w.org\/{rel}","templated":true}]}}