{"id":5511,"date":"2022-02-02T20:19:01","date_gmt":"2022-02-02T19:19:01","guid":{"rendered":"https:\/\/espaciogranvia.org\/encuentro-del-club-de-lectura-valle-inclan-los-asquerosos-de-santiago-lorenzo\/"},"modified":"2022-04-30T19:53:59","modified_gmt":"2022-04-30T17:53:59","slug":"encuentro-del-club-de-lectura-valle-inclan-los-asquerosos-de-santiago-lorenzo","status":"publish","type":"post","link":"https:\/\/espaciogranvia.org\/gal\/encuentro-del-club-de-lectura-valle-inclan-los-asquerosos-de-santiago-lorenzo\/","title":{"rendered":"Encontro literario: &#8220;ANKOR, O DISC\u00cdPULO&#8221;, de Jorge A. Livraga."},"content":{"rendered":"<div class=\"fusion-fullwidth fullwidth-box fusion-builder-row-1 fusion-flex-container nonhundred-percent-fullwidth non-hundred-percent-height-scrolling\" style=\"--awb-border-radius-top-left:0px;--awb-border-radius-top-right:0px;--awb-border-radius-bottom-right:0px;--awb-border-radius-bottom-left:0px;--awb-flex-wrap:wrap;\" ><div class=\"fusion-builder-row fusion-row fusion-flex-align-items-flex-start fusion-flex-content-wrap\" style=\"max-width:1248px;margin-left: calc(-4% \/ 2 );margin-right: calc(-4% \/ 2 );\"><div class=\"fusion-layout-column fusion_builder_column fusion-builder-column-0 fusion_builder_column_1_1 1_1 fusion-flex-column\" style=\"--awb-bg-size:cover;--awb-width-large:100%;--awb-margin-top-large:0px;--awb-spacing-right-large:1.92%;--awb-margin-bottom-large:0px;--awb-spacing-left-large:1.92%;--awb-width-medium:100%;--awb-spacing-right-medium:1.92%;--awb-spacing-left-medium:1.92%;--awb-width-small:100%;--awb-spacing-right-small:1.92%;--awb-spacing-left-small:1.92%;\"><div class=\"fusion-column-wrapper fusion-flex-justify-content-flex-start fusion-content-layout-column\"><div class=\"fusion-text fusion-text-1\" style=\"--awb-text-transform:none;\"><p>Venres 29 de abril\u00a0 de 19:00 a 21.00 horas.<\/p>\n<p>En Espazo Gran V\u00eda:\u00a0 Avda\/ Gran V\u00eda,2 &#8211; 3\u00ba E. Vigo.<\/p>\n<p>Entrada gratu\u00edta. Presencial. Aforo limitado.<\/p>\n<p>Consegue a t\u00faa entrada: <a href=\"https:\/\/bit.ly\/34fvLQL\">https:\/\/bit.ly\/34fvLQL<\/a><\/p>\n<p>O libro sit\u00faa a acci\u00f3n pouco antes do afundimento do \u00faltimo resto da Atl\u00e1ntida, Poseidonis, segundo Plat\u00f3n describe no Timeo e o Critias, ou sexa, hai 11.500 anos. Ankor, o protagonista, \u00e9 fillo do gran Rey desta terra xa condenada. O pasado garda as chaves secretas que abren as portas do futuro, este libro \u00e9 un claro exemplo diso, e a\u00ednda que se mergulla coa imaxinaci\u00f3n nun pasado remoto e esquecido, sabemos que a\u00ed dormen, escondidas, importantes chaves do porvir.<\/p>\n<\/div><\/div><\/div><\/div><\/div>\n","protected":false},"excerpt":{"rendered":"","protected":false},"author":2,"featured_media":5508,"comment_status":"open","ping_status":"open","sticky":false,"template":"","format":"standard","meta":{"footnotes":""},"categories":[21],"tags":[],"class_list":["post-5511","post","type-post","status-publish","format-standard","has-post-thumbnail","hentry","category-club-de-lectura-gal"],"_links":{"self":[{"href":"https:\/\/espaciogranvia.org\/gal\/wp-json\/wp\/v2\/posts\/5511","targetHints":{"allow":["GET"]}}],"collection":[{"href":"https:\/\/espaciogranvia.org\/gal\/wp-json\/wp\/v2\/posts"}],"about":[{"href":"https:\/\/espaciogranvia.org\/gal\/wp-json\/wp\/v2\/types\/post"}],"author":[{"embeddable":true,"href":"https:\/\/espaciogranvia.org\/gal\/wp-json\/wp\/v2\/users\/2"}],"replies":[{"embeddable":true,"href":"https:\/\/espaciogranvia.org\/gal\/wp-json\/wp\/v2\/comments?post=5511"}],"version-history":[{"count":6,"href":"https:\/\/espaciogranvia.org\/gal\/wp-json\/wp\/v2\/posts\/5511\/revisions"}],"predecessor-version":[{"id":5556,"href":"https:\/\/espaciogranvia.org\/gal\/wp-json\/wp\/v2\/posts\/5511\/revisions\/5556"}],"wp:featuredmedia":[{"embeddable":true,"href":"https:\/\/espaciogranvia.org\/gal\/wp-json\/wp\/v2\/media\/5508"}],"wp:attachment":[{"href":"https:\/\/espaciogranvia.org\/gal\/wp-json\/wp\/v2\/media?parent=5511"}],"wp:term":[{"taxonomy":"category","embeddable":true,"href":"https:\/\/espaciogranvia.org\/gal\/wp-json\/wp\/v2\/categories?post=5511"},{"taxonomy":"post_tag","embeddable":true,"href":"https:\/\/espaciogranvia.org\/gal\/wp-json\/wp\/v2\/tags?post=5511"}],"curies":[{"name":"wp","href":"https:\/\/api.w.org\/{rel}","templated":true}]}}