{"id":6094,"date":"2022-10-26T20:53:15","date_gmt":"2022-10-26T18:53:15","guid":{"rendered":"https:\/\/espaciogranvia.org\/?p=6094"},"modified":"2022-11-02T19:20:19","modified_gmt":"2022-11-02T18:20:19","slug":"charla-coloquio-crise-estas-preparado-para-crecer","status":"publish","type":"post","link":"https:\/\/espaciogranvia.org\/gal\/charla-coloquio-crise-estas-preparado-para-crecer\/","title":{"rendered":"Charla-coloquio: &#8220;CRISE: EST\u00c1S PREPARADO PARA CRECER?&#8221;"},"content":{"rendered":"<div class=\"fusion-fullwidth fullwidth-box fusion-builder-row-1 fusion-flex-container nonhundred-percent-fullwidth non-hundred-percent-height-scrolling\" style=\"--awb-border-radius-top-left:0px;--awb-border-radius-top-right:0px;--awb-border-radius-bottom-right:0px;--awb-border-radius-bottom-left:0px;--awb-flex-wrap:wrap;\" ><div class=\"fusion-builder-row fusion-row fusion-flex-align-items-flex-start fusion-flex-content-wrap\" style=\"max-width:1248px;margin-left: calc(-4% \/ 2 );margin-right: calc(-4% \/ 2 );\"><div class=\"fusion-layout-column fusion_builder_column fusion-builder-column-0 fusion_builder_column_1_1 1_1 fusion-flex-column\" style=\"--awb-bg-size:cover;--awb-width-large:100%;--awb-margin-top-large:0px;--awb-spacing-right-large:1.92%;--awb-margin-bottom-large:0px;--awb-spacing-left-large:1.92%;--awb-width-medium:100%;--awb-spacing-right-medium:1.92%;--awb-spacing-left-medium:1.92%;--awb-width-small:100%;--awb-spacing-right-small:1.92%;--awb-spacing-left-small:1.92%;\"><div class=\"fusion-column-wrapper fusion-flex-justify-content-flex-start fusion-content-layout-column\"><div class=\"fusion-text fusion-text-1\"><p>Nun mundo con cambios traum\u00e1ticos que fan cambalear a nosa realidade, a Filosof\u00eda proponnos que vexamos esta crise como unha oportunidade de crecemento.<\/p>\n<p><strong>VENRES 25 DE NOVEMBRO, DE 19:30 A 21:00 HORAS.<\/strong><br \/>\n<strong>Presencial. Aforo limitado.<\/strong><br \/>\n<strong>Rex\u00edstrache e consegue a t\u00faa entrada gratu\u00edta:<\/strong><br \/>\n<a href=\"https:\/\/bit.ly\/3Fh50eP\">https:\/\/bit.ly\/3Fh50eP<\/a><\/p>\n<p>A\u00ednda que poida parecer contraditorio, a premisa \u00e9 contundente:<br \/>\no fracaso \u00e9 \u00e9xito!<br \/>\npois son d\u00faas polaridades do mesmo espectro, o espectro da abundancia, do logro.<\/p>\n<p>Se aceptas o fracaso como unha parte bendita do proceso, unha parte que che axuda a ter m\u00e1is \u00e9xito, experimentar\u00e1s como \u00e9 o sabor do \u00e9xito que v\u00e9n e ent\u00f3n saber\u00e1s que endexam\u00e1is podes fracasar, endexam\u00e1is!<\/p>\n<\/div><\/div><\/div><\/div><\/div>\n","protected":false},"excerpt":{"rendered":"","protected":false},"author":2,"featured_media":6092,"comment_status":"open","ping_status":"open","sticky":false,"template":"","format":"standard","meta":{"footnotes":""},"categories":[10,12],"tags":[],"class_list":["post-6094","post","type-post","status-publish","format-standard","has-post-thumbnail","hentry","category-actividades-gal","category-conferencias-gal"],"_links":{"self":[{"href":"https:\/\/espaciogranvia.org\/gal\/wp-json\/wp\/v2\/posts\/6094","targetHints":{"allow":["GET"]}}],"collection":[{"href":"https:\/\/espaciogranvia.org\/gal\/wp-json\/wp\/v2\/posts"}],"about":[{"href":"https:\/\/espaciogranvia.org\/gal\/wp-json\/wp\/v2\/types\/post"}],"author":[{"embeddable":true,"href":"https:\/\/espaciogranvia.org\/gal\/wp-json\/wp\/v2\/users\/2"}],"replies":[{"embeddable":true,"href":"https:\/\/espaciogranvia.org\/gal\/wp-json\/wp\/v2\/comments?post=6094"}],"version-history":[{"count":4,"href":"https:\/\/espaciogranvia.org\/gal\/wp-json\/wp\/v2\/posts\/6094\/revisions"}],"predecessor-version":[{"id":6114,"href":"https:\/\/espaciogranvia.org\/gal\/wp-json\/wp\/v2\/posts\/6094\/revisions\/6114"}],"wp:featuredmedia":[{"embeddable":true,"href":"https:\/\/espaciogranvia.org\/gal\/wp-json\/wp\/v2\/media\/6092"}],"wp:attachment":[{"href":"https:\/\/espaciogranvia.org\/gal\/wp-json\/wp\/v2\/media?parent=6094"}],"wp:term":[{"taxonomy":"category","embeddable":true,"href":"https:\/\/espaciogranvia.org\/gal\/wp-json\/wp\/v2\/categories?post=6094"},{"taxonomy":"post_tag","embeddable":true,"href":"https:\/\/espaciogranvia.org\/gal\/wp-json\/wp\/v2\/tags?post=6094"}],"curies":[{"name":"wp","href":"https:\/\/api.w.org\/{rel}","templated":true}]}}