{"id":6303,"date":"2023-02-01T20:54:56","date_gmt":"2023-02-01T19:54:56","guid":{"rendered":"https:\/\/espaciogranvia.org\/?p=6303"},"modified":"2023-02-22T20:50:35","modified_gmt":"2023-02-22T19:50:35","slug":"charla-coloquio-a-lei-do-karma-como-facer-que-che-pasen-cousas-boas","status":"publish","type":"post","link":"https:\/\/espaciogranvia.org\/gal\/charla-coloquio-a-lei-do-karma-como-facer-que-che-pasen-cousas-boas\/","title":{"rendered":"Charla-coloquio: &#8220;Lei do KARMA: como facer que che pasen cousas boas&#8221;."},"content":{"rendered":"<div class=\"fusion-fullwidth fullwidth-box fusion-builder-row-1 fusion-flex-container nonhundred-percent-fullwidth non-hundred-percent-height-scrolling\" style=\"--awb-border-radius-top-left:0px;--awb-border-radius-top-right:0px;--awb-border-radius-bottom-right:0px;--awb-border-radius-bottom-left:0px;--awb-flex-wrap:wrap;\" ><div class=\"fusion-builder-row fusion-row fusion-flex-align-items-flex-start fusion-flex-content-wrap\" style=\"max-width:1248px;margin-left: calc(-4% \/ 2 );margin-right: calc(-4% \/ 2 );\"><div class=\"fusion-layout-column fusion_builder_column fusion-builder-column-0 fusion_builder_column_1_1 1_1 fusion-flex-column\" style=\"--awb-bg-size:cover;--awb-width-large:100%;--awb-margin-top-large:0px;--awb-spacing-right-large:1.92%;--awb-margin-bottom-large:0px;--awb-spacing-left-large:1.92%;--awb-width-medium:100%;--awb-spacing-right-medium:1.92%;--awb-spacing-left-medium:1.92%;--awb-width-small:100%;--awb-spacing-right-small:1.92%;--awb-spacing-left-small:1.92%;\"><div class=\"fusion-column-wrapper fusion-flex-justify-content-flex-start fusion-content-layout-column\"><div class=\"fusion-text fusion-text-1\"><p><em>Karma<\/em> \u00e9 unha lei universal que se fixo enormemente popular, pero ad\u00f3itanse apreciar m\u00e1is os efectos que as causas das cousas.<\/p>\n<p><strong>VENRES 10 DE FEBREIRO DE 2023, \u00c1s 19:30 HORAS.<\/strong><\/p>\n<p><strong>Presencial. Aforo limitado. Consegue a t\u00faa entrada gratu\u00edta:<\/strong> <span style=\"color: #0000ff;\"><a style=\"color: #0000ff;\" href=\"https:\/\/bit.ly\/3E6Kx2G\">https:\/\/bit.ly\/3E6Kx2G<\/a><\/span><\/p>\n<p>\u00c1s veces, exp\u00f3monos como podemos facer que nos pasen cousas boas na vida.<br \/>\nKarma \u00e9 a lei universal de causa e efecto. O co\u00f1ecemento e aplicaci\u00f3n desta lei natural axudaranos a xestionar mellor nosa vida.<br \/>\nAs decisi\u00f3ns xeran causas. Somos os arquitectos da nosa vida. As circunstancias son o resultado do noso devir.<\/p>\n<\/div><\/div><\/div><\/div><\/div>\n","protected":false},"excerpt":{"rendered":"","protected":false},"author":2,"featured_media":6336,"comment_status":"open","ping_status":"open","sticky":false,"template":"","format":"standard","meta":{"footnotes":""},"categories":[10,12],"tags":[],"class_list":["post-6303","post","type-post","status-publish","format-standard","has-post-thumbnail","hentry","category-actividades-gal","category-conferencias-gal"],"_links":{"self":[{"href":"https:\/\/espaciogranvia.org\/gal\/wp-json\/wp\/v2\/posts\/6303","targetHints":{"allow":["GET"]}}],"collection":[{"href":"https:\/\/espaciogranvia.org\/gal\/wp-json\/wp\/v2\/posts"}],"about":[{"href":"https:\/\/espaciogranvia.org\/gal\/wp-json\/wp\/v2\/types\/post"}],"author":[{"embeddable":true,"href":"https:\/\/espaciogranvia.org\/gal\/wp-json\/wp\/v2\/users\/2"}],"replies":[{"embeddable":true,"href":"https:\/\/espaciogranvia.org\/gal\/wp-json\/wp\/v2\/comments?post=6303"}],"version-history":[{"count":3,"href":"https:\/\/espaciogranvia.org\/gal\/wp-json\/wp\/v2\/posts\/6303\/revisions"}],"predecessor-version":[{"id":6331,"href":"https:\/\/espaciogranvia.org\/gal\/wp-json\/wp\/v2\/posts\/6303\/revisions\/6331"}],"wp:featuredmedia":[{"embeddable":true,"href":"https:\/\/espaciogranvia.org\/gal\/wp-json\/wp\/v2\/media\/6336"}],"wp:attachment":[{"href":"https:\/\/espaciogranvia.org\/gal\/wp-json\/wp\/v2\/media?parent=6303"}],"wp:term":[{"taxonomy":"category","embeddable":true,"href":"https:\/\/espaciogranvia.org\/gal\/wp-json\/wp\/v2\/categories?post=6303"},{"taxonomy":"post_tag","embeddable":true,"href":"https:\/\/espaciogranvia.org\/gal\/wp-json\/wp\/v2\/tags?post=6303"}],"curies":[{"name":"wp","href":"https:\/\/api.w.org\/{rel}","templated":true}]}}