{"id":6342,"date":"2023-02-05T23:30:52","date_gmt":"2023-02-05T22:30:52","guid":{"rendered":"https:\/\/espaciogranvia.org\/?p=6342"},"modified":"2023-02-25T21:28:48","modified_gmt":"2023-02-25T20:28:48","slug":"charla-coloquio-inteligencia-emocional-el-arte-de-gestionar-las-emociones","status":"publish","type":"post","link":"https:\/\/espaciogranvia.org\/gal\/charla-coloquio-inteligencia-emocional-el-arte-de-gestionar-las-emociones\/","title":{"rendered":"Charla-coloquio: &#8220;INTELIGENCIA EMOCIONAL, el arte de gestionar las emociones&#8221;."},"content":{"rendered":"<div class=\"fusion-fullwidth fullwidth-box fusion-builder-row-1 fusion-flex-container nonhundred-percent-fullwidth non-hundred-percent-height-scrolling\" style=\"--awb-border-radius-top-left:0px;--awb-border-radius-top-right:0px;--awb-border-radius-bottom-right:0px;--awb-border-radius-bottom-left:0px;--awb-flex-wrap:wrap;\" ><div class=\"fusion-builder-row fusion-row fusion-flex-align-items-flex-start fusion-flex-content-wrap\" style=\"max-width:1248px;margin-left: calc(-4% \/ 2 );margin-right: calc(-4% \/ 2 );\"><div class=\"fusion-layout-column fusion_builder_column fusion-builder-column-0 fusion_builder_column_1_1 1_1 fusion-flex-column\" style=\"--awb-bg-size:cover;--awb-width-large:100%;--awb-margin-top-large:0px;--awb-spacing-right-large:1.92%;--awb-margin-bottom-large:0px;--awb-spacing-left-large:1.92%;--awb-width-medium:100%;--awb-spacing-right-medium:1.92%;--awb-spacing-left-medium:1.92%;--awb-width-small:100%;--awb-spacing-right-small:1.92%;--awb-spacing-left-small:1.92%;\"><div class=\"fusion-column-wrapper fusion-flex-justify-content-flex-start fusion-content-layout-column\"><div class=\"fusion-text fusion-text-1\"><p>Muchas veces actuamos de forma impulsiva \u00bfQu\u00e9 suceder\u00eda si pudi\u00e9ramos a\u00f1adir inteligencia a nuestro mundo emocional irracional?<\/p>\n<p><strong>Viernes\u00a0 24 de febrero, de 19:30 a 21:00 horas.<\/strong><\/p>\n<p><strong>Presencial. Aforo limitado. Consigue tu entrada gratuita:\u00a0 <\/strong><span style=\"color: #0000ff;\"><a style=\"color: #0000ff;\" href=\"https:\/\/bit.ly\/3X7sTuw\">https:\/\/bit.ly\/3X7sTuw<\/a><\/span><\/p>\n<p>Dentro de las inteligecias m\u00faltiples, la inteligencia emocional es la que m\u00e1s utilizamos en el d\u00eda a d\u00eda. La comunicaci\u00f3n asertiva, el trabajo en equipo, la empat\u00eda y el liderazgo son conceptos que quedan englobados en esta inteligencia, que se pone a prueba en la relaci\u00f3n con los dem\u00e1s y con nosotros mismos. La educaci\u00f3n de las emociones nos llevar\u00e1, pues, al necesario desarrollo interior.<\/p>\n<\/div><\/div><\/div><\/div><\/div>\n","protected":false},"excerpt":{"rendered":"","protected":false},"author":2,"featured_media":6345,"comment_status":"open","ping_status":"open","sticky":false,"template":"","format":"standard","meta":{"footnotes":""},"categories":[3,8],"tags":[],"class_list":["post-6342","post","type-post","status-publish","format-standard","has-post-thumbnail","hentry","category-actividades","category-conferencias"],"_links":{"self":[{"href":"https:\/\/espaciogranvia.org\/gal\/wp-json\/wp\/v2\/posts\/6342","targetHints":{"allow":["GET"]}}],"collection":[{"href":"https:\/\/espaciogranvia.org\/gal\/wp-json\/wp\/v2\/posts"}],"about":[{"href":"https:\/\/espaciogranvia.org\/gal\/wp-json\/wp\/v2\/types\/post"}],"author":[{"embeddable":true,"href":"https:\/\/espaciogranvia.org\/gal\/wp-json\/wp\/v2\/users\/2"}],"replies":[{"embeddable":true,"href":"https:\/\/espaciogranvia.org\/gal\/wp-json\/wp\/v2\/comments?post=6342"}],"version-history":[{"count":6,"href":"https:\/\/espaciogranvia.org\/gal\/wp-json\/wp\/v2\/posts\/6342\/revisions"}],"predecessor-version":[{"id":6435,"href":"https:\/\/espaciogranvia.org\/gal\/wp-json\/wp\/v2\/posts\/6342\/revisions\/6435"}],"wp:featuredmedia":[{"embeddable":true,"href":"https:\/\/espaciogranvia.org\/gal\/wp-json\/wp\/v2\/media\/6345"}],"wp:attachment":[{"href":"https:\/\/espaciogranvia.org\/gal\/wp-json\/wp\/v2\/media?parent=6342"}],"wp:term":[{"taxonomy":"category","embeddable":true,"href":"https:\/\/espaciogranvia.org\/gal\/wp-json\/wp\/v2\/categories?post=6342"},{"taxonomy":"post_tag","embeddable":true,"href":"https:\/\/espaciogranvia.org\/gal\/wp-json\/wp\/v2\/tags?post=6342"}],"curies":[{"name":"wp","href":"https:\/\/api.w.org\/{rel}","templated":true}]}}