{"id":6356,"date":"2023-02-06T03:55:11","date_gmt":"2023-02-06T02:55:11","guid":{"rendered":"https:\/\/espaciogranvia.org\/?p=6356"},"modified":"2023-03-08T19:21:52","modified_gmt":"2023-03-08T18:21:52","slug":"charla-dia-intern-de-la-mujer-maria-montessori-la-revolucion-educativa","status":"publish","type":"post","link":"https:\/\/espaciogranvia.org\/gal\/charla-dia-intern-de-la-mujer-maria-montessori-la-revolucion-educativa\/","title":{"rendered":"Charla-D\u00cdA INTERNACIONAL DE LA MUJER: &#8220;Mar\u00eda Montessori, la revoluci\u00f3n educativa&#8221;."},"content":{"rendered":"<div class=\"fusion-fullwidth fullwidth-box fusion-builder-row-1 fusion-flex-container nonhundred-percent-fullwidth non-hundred-percent-height-scrolling\" style=\"--awb-border-radius-top-left:0px;--awb-border-radius-top-right:0px;--awb-border-radius-bottom-right:0px;--awb-border-radius-bottom-left:0px;--awb-flex-wrap:wrap;\" ><div class=\"fusion-builder-row fusion-row fusion-flex-align-items-flex-start fusion-flex-content-wrap\" style=\"max-width:1248px;margin-left: calc(-4% \/ 2 );margin-right: calc(-4% \/ 2 );\"><div class=\"fusion-layout-column fusion_builder_column fusion-builder-column-0 fusion_builder_column_1_1 1_1 fusion-flex-column\" style=\"--awb-bg-size:cover;--awb-width-large:100%;--awb-margin-top-large:0px;--awb-spacing-right-large:1.92%;--awb-margin-bottom-large:0px;--awb-spacing-left-large:1.92%;--awb-width-medium:100%;--awb-spacing-right-medium:1.92%;--awb-spacing-left-medium:1.92%;--awb-width-small:100%;--awb-spacing-right-small:1.92%;--awb-spacing-left-small:1.92%;\"><div class=\"fusion-column-wrapper fusion-flex-justify-content-flex-start fusion-content-layout-column\"><div class=\"fusion-text fusion-text-1\"><p class=\"summary\"><strong>Mar\u00eda Montessori, fue una m\u00e9dica, pedagoga, psiquiatra y fil\u00f3sofa, adem\u00e1s de humanista, activista feminista, sufragista y cat\u00f3lica italiana.<\/strong><\/p>\n<p>Viernes\u00a0 3 de marzo, a las 19:30 horas.<\/p>\n<p><strong>\u00a1 CELEBRACI\u00d3N DEL D\u00cdA INTERNACIONAL DE LA MUJER !<\/strong><\/p>\n<p><strong>Presencial. Aforo limitado<\/strong>. <strong>Consigue tu entrada<\/strong> <strong>gratuita:<\/strong> <a href=\"https:\/\/bit.ly\/3RC16kV\"><span style=\"color: #0000ff;\">https:\/\/bit.ly\/3RC16kV<\/span><\/a><\/p>\n<p>A una edad temprana, Montessori rompi\u00f3 las barreras y expectativas de g\u00e9nero cuando se inscribi\u00f3 en clases en una escuela t\u00e9cnica para hombres, con la esperanza de convertirse en ingeniera.<\/p>\n<p>Pronto cambi\u00f3 de parecer y comenz\u00f3 medicina en la Universidad de Roma &#8216;La Sapienza&#8217;, donde se gradu\u00f3, con honores, en 1896, a los 26 a\u00f1os, y se convirti\u00f3 en una de las primeras mujeres m\u00e9dicos en Italia.<\/p>\n<p>Posteriormente como educadora fue conocida por la filosof\u00eda de la educaci\u00f3n que lleva su nombre, y sus escritos sobre pedagog\u00eda cient\u00edfica. Su m\u00e9todo educativo se usa hoy en d\u00eda en muchas escuelas p\u00fablicas y privadas de todo el mundo.<\/p>\n<\/div><\/div><\/div><\/div><\/div>\n","protected":false},"excerpt":{"rendered":"","protected":false},"author":2,"featured_media":6357,"comment_status":"open","ping_status":"open","sticky":false,"template":"","format":"standard","meta":{"footnotes":""},"categories":[3,8,30],"tags":[],"class_list":["post-6356","post","type-post","status-publish","format-standard","has-post-thumbnail","hentry","category-actividades","category-conferencias","category-filosofos-del-mundo"],"_links":{"self":[{"href":"https:\/\/espaciogranvia.org\/gal\/wp-json\/wp\/v2\/posts\/6356","targetHints":{"allow":["GET"]}}],"collection":[{"href":"https:\/\/espaciogranvia.org\/gal\/wp-json\/wp\/v2\/posts"}],"about":[{"href":"https:\/\/espaciogranvia.org\/gal\/wp-json\/wp\/v2\/types\/post"}],"author":[{"embeddable":true,"href":"https:\/\/espaciogranvia.org\/gal\/wp-json\/wp\/v2\/users\/2"}],"replies":[{"embeddable":true,"href":"https:\/\/espaciogranvia.org\/gal\/wp-json\/wp\/v2\/comments?post=6356"}],"version-history":[{"count":8,"href":"https:\/\/espaciogranvia.org\/gal\/wp-json\/wp\/v2\/posts\/6356\/revisions"}],"predecessor-version":[{"id":6387,"href":"https:\/\/espaciogranvia.org\/gal\/wp-json\/wp\/v2\/posts\/6356\/revisions\/6387"}],"wp:featuredmedia":[{"embeddable":true,"href":"https:\/\/espaciogranvia.org\/gal\/wp-json\/wp\/v2\/media\/6357"}],"wp:attachment":[{"href":"https:\/\/espaciogranvia.org\/gal\/wp-json\/wp\/v2\/media?parent=6356"}],"wp:term":[{"taxonomy":"category","embeddable":true,"href":"https:\/\/espaciogranvia.org\/gal\/wp-json\/wp\/v2\/categories?post=6356"},{"taxonomy":"post_tag","embeddable":true,"href":"https:\/\/espaciogranvia.org\/gal\/wp-json\/wp\/v2\/tags?post=6356"}],"curies":[{"name":"wp","href":"https:\/\/api.w.org\/{rel}","templated":true}]}}