{"id":6366,"date":"2023-02-06T04:19:44","date_gmt":"2023-02-06T03:19:44","guid":{"rendered":"https:\/\/espaciogranvia.org\/?p=6366"},"modified":"2023-03-08T19:23:07","modified_gmt":"2023-03-08T18:23:07","slug":"charla-dia-intern-da-muller-maria-montessori-a-revolucion-educativa","status":"publish","type":"post","link":"https:\/\/espaciogranvia.org\/gal\/charla-dia-intern-da-muller-maria-montessori-a-revolucion-educativa\/","title":{"rendered":"Charla-D\u00edA INTERNACIONAL DA MULLER: &#8220;Mar\u00eda Montessori, a revoluci\u00f3n educativa&#8221;."},"content":{"rendered":"<div class=\"fusion-fullwidth fullwidth-box fusion-builder-row-1 fusion-flex-container nonhundred-percent-fullwidth non-hundred-percent-height-scrolling\" style=\"--awb-border-radius-top-left:0px;--awb-border-radius-top-right:0px;--awb-border-radius-bottom-right:0px;--awb-border-radius-bottom-left:0px;--awb-flex-wrap:wrap;\" ><div class=\"fusion-builder-row fusion-row fusion-flex-align-items-flex-start fusion-flex-content-wrap\" style=\"max-width:1248px;margin-left: calc(-4% \/ 2 );margin-right: calc(-4% \/ 2 );\"><div class=\"fusion-layout-column fusion_builder_column fusion-builder-column-0 fusion_builder_column_1_1 1_1 fusion-flex-column\" style=\"--awb-bg-size:cover;--awb-width-large:100%;--awb-margin-top-large:0px;--awb-spacing-right-large:1.92%;--awb-margin-bottom-large:0px;--awb-spacing-left-large:1.92%;--awb-width-medium:100%;--awb-spacing-right-medium:1.92%;--awb-spacing-left-medium:1.92%;--awb-width-small:100%;--awb-spacing-right-small:1.92%;--awb-spacing-left-small:1.92%;\"><div class=\"fusion-column-wrapper fusion-flex-justify-content-flex-start fusion-content-layout-column\"><div class=\"fusion-text fusion-text-1\"><p><strong>Mar\u00eda Montessori foi unha m\u00e9dica, pedagoga, psiquiatra e fil\u00f3sofa, adem\u00e1is de humanista, activista feminista, sufragista e cat\u00f3lica italiana.<\/strong><\/p>\n<p>Venres 3 de marzo, \u00e1s 19:30 horas.<\/p>\n<p><strong>\u00a1 CELEBRACI\u00d3N DO D\u00cdA INTERNACIONAL DA MULLER !<\/strong><\/p>\n<p><strong>Presencial. Aforo limitado. Consegue a t\u00faa entrada gratu\u00edta:<\/strong> <a href=\"https:\/\/bit.ly\/3RC16kV\"><span style=\"color: #0000ff;\">https:\/\/bit.ly\/3RC16kV<\/span><\/a><\/p>\n<p>A unha idade temper\u00e1, Montessori rompeu as barreiras e expectativas de x\u00e9nero cando se inscribiu en clases nunha escola t\u00e9cnica para homes, coa esperanza de converterse en enxe\u00f1eira.<\/p>\n<p>Pronto cambiou de parecer e comezou medicina na Universidade de Roma &#8216;A Sapienza&#8217;, onde se graduou, con honras, en 1896, aos 26 anos, e converteuse nunha das primeiras mulleres m\u00e9dicos en Italia.<\/p>\n<p>Posteriormente como educadora foi co\u00f1ecida pola filosof\u00eda da educaci\u00f3n que leva o seu nome, e os seus escritos sobre pedagox\u00eda cient\u00edfica. O seu m\u00e9todo educativo \u00fasase hoxe en d\u00eda en moitas escolas p\u00fablicas e privadas de todo o mundo<\/p>\n<\/div><\/div><\/div><\/div><\/div>\n","protected":false},"excerpt":{"rendered":"","protected":false},"author":2,"featured_media":6358,"comment_status":"open","ping_status":"open","sticky":false,"template":"","format":"standard","meta":{"footnotes":""},"categories":[10,12,34],"tags":[],"class_list":["post-6366","post","type-post","status-publish","format-standard","has-post-thumbnail","hentry","category-actividades-gal","category-conferencias-gal","category-filosofos-do-mundo"],"_links":{"self":[{"href":"https:\/\/espaciogranvia.org\/gal\/wp-json\/wp\/v2\/posts\/6366","targetHints":{"allow":["GET"]}}],"collection":[{"href":"https:\/\/espaciogranvia.org\/gal\/wp-json\/wp\/v2\/posts"}],"about":[{"href":"https:\/\/espaciogranvia.org\/gal\/wp-json\/wp\/v2\/types\/post"}],"author":[{"embeddable":true,"href":"https:\/\/espaciogranvia.org\/gal\/wp-json\/wp\/v2\/users\/2"}],"replies":[{"embeddable":true,"href":"https:\/\/espaciogranvia.org\/gal\/wp-json\/wp\/v2\/comments?post=6366"}],"version-history":[{"count":4,"href":"https:\/\/espaciogranvia.org\/gal\/wp-json\/wp\/v2\/posts\/6366\/revisions"}],"predecessor-version":[{"id":6385,"href":"https:\/\/espaciogranvia.org\/gal\/wp-json\/wp\/v2\/posts\/6366\/revisions\/6385"}],"wp:featuredmedia":[{"embeddable":true,"href":"https:\/\/espaciogranvia.org\/gal\/wp-json\/wp\/v2\/media\/6358"}],"wp:attachment":[{"href":"https:\/\/espaciogranvia.org\/gal\/wp-json\/wp\/v2\/media?parent=6366"}],"wp:term":[{"taxonomy":"category","embeddable":true,"href":"https:\/\/espaciogranvia.org\/gal\/wp-json\/wp\/v2\/categories?post=6366"},{"taxonomy":"post_tag","embeddable":true,"href":"https:\/\/espaciogranvia.org\/gal\/wp-json\/wp\/v2\/tags?post=6366"}],"curies":[{"name":"wp","href":"https:\/\/api.w.org\/{rel}","templated":true}]}}