{"id":6383,"date":"2023-02-15T20:32:38","date_gmt":"2023-02-15T19:32:38","guid":{"rendered":"https:\/\/espaciogranvia.org\/?p=6383"},"modified":"2023-03-30T20:56:30","modified_gmt":"2023-03-30T18:56:30","slug":"charla-coloquio-a-misteriosa-linguaxe-dos-sonos","status":"publish","type":"post","link":"https:\/\/espaciogranvia.org\/gal\/charla-coloquio-a-misteriosa-linguaxe-dos-sonos\/","title":{"rendered":"Charla-coloquio: &#8220;A misteriosa linguaxe dos so\u00f1os&#8221;."},"content":{"rendered":"<div class=\"fusion-fullwidth fullwidth-box fusion-builder-row-1 fusion-flex-container nonhundred-percent-fullwidth non-hundred-percent-height-scrolling\" style=\"--awb-border-radius-top-left:0px;--awb-border-radius-top-right:0px;--awb-border-radius-bottom-right:0px;--awb-border-radius-bottom-left:0px;--awb-flex-wrap:wrap;\" ><div class=\"fusion-builder-row fusion-row fusion-flex-align-items-flex-start fusion-flex-content-wrap\" style=\"max-width:1248px;margin-left: calc(-4% \/ 2 );margin-right: calc(-4% \/ 2 );\"><div class=\"fusion-layout-column fusion_builder_column fusion-builder-column-0 fusion_builder_column_1_1 1_1 fusion-flex-column\" style=\"--awb-bg-size:cover;--awb-width-large:100%;--awb-margin-top-large:0px;--awb-spacing-right-large:1.92%;--awb-margin-bottom-large:0px;--awb-spacing-left-large:1.92%;--awb-width-medium:100%;--awb-spacing-right-medium:1.92%;--awb-spacing-left-medium:1.92%;--awb-width-small:100%;--awb-spacing-right-small:1.92%;--awb-spacing-left-small:1.92%;\"><div class=\"fusion-column-wrapper fusion-flex-justify-content-flex-start fusion-content-layout-column\"><div class=\"fusion-text fusion-text-1\"><p><strong>Venres 17 de marzo, \u00e1s 19:30 horas.<\/strong><br \/>\n<strong>Presencial. Aforo limitado. Consegue a t\u00faa entrada gratu\u00edta: <\/strong><span style=\"color: #3366ff;\"><a style=\"color: #3366ff;\" href=\"https:\/\/bit.ly\/3XCOY4u\">https:\/\/bit.ly\/3XCOY4u<\/a><\/span><\/p>\n<p>Desde tempos inmemoriais, os so\u00f1os concib\u00edronse como posibles mensaxeiros desde outros planos de conciencia, cuxa interpretaci\u00f3n era posible para seres especiais como Meigos, Gur\u00fas ou Mestres.<\/p>\n<p>En sabias e milenarias civilizaci\u00f3ns, homes e mulleres acud\u00edan a eles en busca de axuda para a comprensi\u00f3n de signos e s\u00edmbolos que fac\u00edan aparici\u00f3n no seu mundo on\u00edrico para poder enfrontarse a unha decisi\u00f3n importante, a unha enfermidade ou a unha circunstancia adversa.<\/p>\n<p>Hoxe en d\u00eda, a ciencia e a filosof\u00eda \u00e1brennos as s\u00faas portas para que descifrar os enigmas da s\u00faa Linguaxe, estea ao alcance de todos.<\/p>\n<p>Non te perdas a nosa charla coloquio e descobre un pouco m\u00e1is sobre ese mundo simb\u00f3lico.<\/p>\n<\/div><\/div><\/div><\/div><\/div>\n","protected":false},"excerpt":{"rendered":"","protected":false},"author":2,"featured_media":6380,"comment_status":"open","ping_status":"open","sticky":false,"template":"","format":"standard","meta":{"footnotes":""},"categories":[10,12],"tags":[],"class_list":["post-6383","post","type-post","status-publish","format-standard","has-post-thumbnail","hentry","category-actividades-gal","category-conferencias-gal"],"_links":{"self":[{"href":"https:\/\/espaciogranvia.org\/gal\/wp-json\/wp\/v2\/posts\/6383","targetHints":{"allow":["GET"]}}],"collection":[{"href":"https:\/\/espaciogranvia.org\/gal\/wp-json\/wp\/v2\/posts"}],"about":[{"href":"https:\/\/espaciogranvia.org\/gal\/wp-json\/wp\/v2\/types\/post"}],"author":[{"embeddable":true,"href":"https:\/\/espaciogranvia.org\/gal\/wp-json\/wp\/v2\/users\/2"}],"replies":[{"embeddable":true,"href":"https:\/\/espaciogranvia.org\/gal\/wp-json\/wp\/v2\/comments?post=6383"}],"version-history":[{"count":2,"href":"https:\/\/espaciogranvia.org\/gal\/wp-json\/wp\/v2\/posts\/6383\/revisions"}],"predecessor-version":[{"id":6490,"href":"https:\/\/espaciogranvia.org\/gal\/wp-json\/wp\/v2\/posts\/6383\/revisions\/6490"}],"wp:featuredmedia":[{"embeddable":true,"href":"https:\/\/espaciogranvia.org\/gal\/wp-json\/wp\/v2\/media\/6380"}],"wp:attachment":[{"href":"https:\/\/espaciogranvia.org\/gal\/wp-json\/wp\/v2\/media?parent=6383"}],"wp:term":[{"taxonomy":"category","embeddable":true,"href":"https:\/\/espaciogranvia.org\/gal\/wp-json\/wp\/v2\/categories?post=6383"},{"taxonomy":"post_tag","embeddable":true,"href":"https:\/\/espaciogranvia.org\/gal\/wp-json\/wp\/v2\/tags?post=6383"}],"curies":[{"name":"wp","href":"https:\/\/api.w.org\/{rel}","templated":true}]}}