{"id":6394,"date":"2023-02-22T18:42:17","date_gmt":"2023-02-22T17:42:17","guid":{"rendered":"https:\/\/espaciogranvia.org\/?p=6394"},"modified":"2023-03-30T21:29:16","modified_gmt":"2023-03-30T19:29:16","slug":"charla-filosofica-socrates-y-la-educacion-de-la-juventud","status":"publish","type":"post","link":"https:\/\/espaciogranvia.org\/gal\/charla-filosofica-socrates-y-la-educacion-de-la-juventud\/","title":{"rendered":"Charla-filos\u00f3fica: &#8220;S\u00f3crates e a educaci\u00f3n da mocidade&#8221;"},"content":{"rendered":"<div class=\"fusion-fullwidth fullwidth-box fusion-builder-row-1 fusion-flex-container nonhundred-percent-fullwidth non-hundred-percent-height-scrolling\" style=\"--awb-border-radius-top-left:0px;--awb-border-radius-top-right:0px;--awb-border-radius-bottom-right:0px;--awb-border-radius-bottom-left:0px;--awb-flex-wrap:wrap;\" ><div class=\"fusion-builder-row fusion-row fusion-flex-align-items-flex-start fusion-flex-content-wrap\" style=\"max-width:1248px;margin-left: calc(-4% \/ 2 );margin-right: calc(-4% \/ 2 );\"><div class=\"fusion-layout-column fusion_builder_column fusion-builder-column-0 fusion_builder_column_1_1 1_1 fusion-flex-column\" style=\"--awb-bg-size:cover;--awb-width-large:100%;--awb-margin-top-large:0px;--awb-spacing-right-large:1.92%;--awb-margin-bottom-large:0px;--awb-spacing-left-large:1.92%;--awb-width-medium:100%;--awb-spacing-right-medium:1.92%;--awb-spacing-left-medium:1.92%;--awb-width-small:100%;--awb-spacing-right-small:1.92%;--awb-spacing-left-small:1.92%;\"><div class=\"fusion-column-wrapper fusion-flex-justify-content-flex-start fusion-content-layout-column\"><div class=\"fusion-text fusion-text-1\"><p><span style=\"color: #ff0000;\"><strong>VENRES 31 DE MARZO, \u00c1S 19:30 HORAS.<\/strong><\/span><\/p>\n<p><strong>Presencial. Aforo limitado. Consegue a t\u00faa entrada gratu\u00edta: <\/strong><span style=\"color: #0000ff;\"><a style=\"color: #0000ff;\" href=\"https:\/\/bit.ly\/3YRzPxG\">https:\/\/bit.ly\/3YRzPxG<\/a><\/span><\/p>\n<p>S\u00f3crates \u00e9 a figura m\u00e1is importante da filosof\u00eda occidental. Achegou un m\u00e9todo, a may\u00e9utica, para poder achegarnos ao co\u00f1ecemento da verdade. A el atrib\u00faeselle a frase: &#8220;s\u00f3 sei que non sei nada&#8221;.<\/p>\n<p>Coa s\u00faa vida e coa s\u00faa morte deunos un exemplo do que \u00e9 un fil\u00f3sofo e da forza que ten a vivencia da filosof\u00eda.<\/p>\n<\/div><\/div><\/div><\/div><\/div>\n","protected":false},"excerpt":{"rendered":"","protected":false},"author":2,"featured_media":6392,"comment_status":"open","ping_status":"open","sticky":false,"template":"","format":"standard","meta":{"footnotes":""},"categories":[12,34],"tags":[],"class_list":["post-6394","post","type-post","status-publish","format-standard","has-post-thumbnail","hentry","category-conferencias-gal","category-filosofos-do-mundo"],"_links":{"self":[{"href":"https:\/\/espaciogranvia.org\/gal\/wp-json\/wp\/v2\/posts\/6394","targetHints":{"allow":["GET"]}}],"collection":[{"href":"https:\/\/espaciogranvia.org\/gal\/wp-json\/wp\/v2\/posts"}],"about":[{"href":"https:\/\/espaciogranvia.org\/gal\/wp-json\/wp\/v2\/types\/post"}],"author":[{"embeddable":true,"href":"https:\/\/espaciogranvia.org\/gal\/wp-json\/wp\/v2\/users\/2"}],"replies":[{"embeddable":true,"href":"https:\/\/espaciogranvia.org\/gal\/wp-json\/wp\/v2\/comments?post=6394"}],"version-history":[{"count":9,"href":"https:\/\/espaciogranvia.org\/gal\/wp-json\/wp\/v2\/posts\/6394\/revisions"}],"predecessor-version":[{"id":6506,"href":"https:\/\/espaciogranvia.org\/gal\/wp-json\/wp\/v2\/posts\/6394\/revisions\/6506"}],"wp:featuredmedia":[{"embeddable":true,"href":"https:\/\/espaciogranvia.org\/gal\/wp-json\/wp\/v2\/media\/6392"}],"wp:attachment":[{"href":"https:\/\/espaciogranvia.org\/gal\/wp-json\/wp\/v2\/media?parent=6394"}],"wp:term":[{"taxonomy":"category","embeddable":true,"href":"https:\/\/espaciogranvia.org\/gal\/wp-json\/wp\/v2\/categories?post=6394"},{"taxonomy":"post_tag","embeddable":true,"href":"https:\/\/espaciogranvia.org\/gal\/wp-json\/wp\/v2\/tags?post=6394"}],"curies":[{"name":"wp","href":"https:\/\/api.w.org\/{rel}","templated":true}]}}