{"id":6583,"date":"2023-04-24T11:45:52","date_gmt":"2023-04-24T09:45:52","guid":{"rendered":"https:\/\/espaciogranvia.org\/charla-coloquio-el-caballero-de-la-armadura-oxidada\/"},"modified":"2023-04-25T19:59:12","modified_gmt":"2023-04-25T17:59:12","slug":"charla-coloquio-el-caballero-de-la-armadura-oxidada","status":"publish","type":"post","link":"https:\/\/espaciogranvia.org\/gal\/charla-coloquio-el-caballero-de-la-armadura-oxidada\/","title":{"rendered":"Charla-coloquio: &#8220;O CABALEIRO DA ARMADURA OXIDADA&#8221;"},"content":{"rendered":"<div class=\"fusion-fullwidth fullwidth-box fusion-builder-row-1 fusion-flex-container nonhundred-percent-fullwidth non-hundred-percent-height-scrolling\" style=\"--awb-border-radius-top-left:0px;--awb-border-radius-top-right:0px;--awb-border-radius-bottom-right:0px;--awb-border-radius-bottom-left:0px;--awb-flex-wrap:wrap;\" ><div class=\"fusion-builder-row fusion-row fusion-flex-align-items-flex-start fusion-flex-content-wrap\" style=\"max-width:1248px;margin-left: calc(-4% \/ 2 );margin-right: calc(-4% \/ 2 );\"><div class=\"fusion-layout-column fusion_builder_column fusion-builder-column-0 fusion_builder_column_1_1 1_1 fusion-flex-column\" style=\"--awb-bg-size:cover;--awb-width-large:100%;--awb-margin-top-large:0px;--awb-spacing-right-large:1.92%;--awb-margin-bottom-large:0px;--awb-spacing-left-large:1.92%;--awb-width-medium:100%;--awb-spacing-right-medium:1.92%;--awb-spacing-left-medium:1.92%;--awb-width-small:100%;--awb-spacing-right-small:1.92%;--awb-spacing-left-small:1.92%;\"><div class=\"fusion-column-wrapper fusion-flex-justify-content-flex-start fusion-content-layout-column\"><div class=\"fusion-text fusion-text-1\"><p><span style=\"color: #ff0000;\"><strong>Venres 28 de abril, \u00e1s 19:30 horas.<\/strong><\/span><\/p>\n<p><strong>Consegue a t\u00faa entrada gratu\u00edta<\/strong>:\u00a0<span style=\"color: #0000ff;\"><a style=\"color: #0000ff;\" href=\"https:\/\/bit.ly\/41p1nvH\">https:\/\/bit.ly\/41p1nvH<\/a><\/span><\/p>\n<p><strong>Presencial. Aforo limitado.<\/strong><br \/>\nO cabaleiro da armadura oxidada non \u00e9 un libro, \u00e9 unha experiencia que expande a nosa mente, ch\u00e9ganos ao coraz\u00f3n e alimenta a nosa alma. Os seus profundos ensinos filos\u00f3ficos, \u00e9ticas e psicol\u00f3xicas son dunha gran sinxeleza e profundidade.<br \/>\nNesta charla descubriremos o cabaleiro que todos levamos dentro, cegados polo brillo da propia armadura. Esper\u00e1mosche!<\/p>\n<\/div><\/div><\/div><\/div><\/div>\n","protected":false},"excerpt":{"rendered":"","protected":false},"author":2,"featured_media":6581,"comment_status":"open","ping_status":"open","sticky":false,"template":"","format":"standard","meta":{"footnotes":""},"categories":[12],"tags":[],"class_list":["post-6583","post","type-post","status-publish","format-standard","has-post-thumbnail","hentry","category-conferencias-gal"],"_links":{"self":[{"href":"https:\/\/espaciogranvia.org\/gal\/wp-json\/wp\/v2\/posts\/6583","targetHints":{"allow":["GET"]}}],"collection":[{"href":"https:\/\/espaciogranvia.org\/gal\/wp-json\/wp\/v2\/posts"}],"about":[{"href":"https:\/\/espaciogranvia.org\/gal\/wp-json\/wp\/v2\/types\/post"}],"author":[{"embeddable":true,"href":"https:\/\/espaciogranvia.org\/gal\/wp-json\/wp\/v2\/users\/2"}],"replies":[{"embeddable":true,"href":"https:\/\/espaciogranvia.org\/gal\/wp-json\/wp\/v2\/comments?post=6583"}],"version-history":[{"count":4,"href":"https:\/\/espaciogranvia.org\/gal\/wp-json\/wp\/v2\/posts\/6583\/revisions"}],"predecessor-version":[{"id":6594,"href":"https:\/\/espaciogranvia.org\/gal\/wp-json\/wp\/v2\/posts\/6583\/revisions\/6594"}],"wp:featuredmedia":[{"embeddable":true,"href":"https:\/\/espaciogranvia.org\/gal\/wp-json\/wp\/v2\/media\/6581"}],"wp:attachment":[{"href":"https:\/\/espaciogranvia.org\/gal\/wp-json\/wp\/v2\/media?parent=6583"}],"wp:term":[{"taxonomy":"category","embeddable":true,"href":"https:\/\/espaciogranvia.org\/gal\/wp-json\/wp\/v2\/categories?post=6583"},{"taxonomy":"post_tag","embeddable":true,"href":"https:\/\/espaciogranvia.org\/gal\/wp-json\/wp\/v2\/tags?post=6583"}],"curies":[{"name":"wp","href":"https:\/\/api.w.org\/{rel}","templated":true}]}}