{"id":6622,"date":"2023-04-27T19:29:12","date_gmt":"2023-04-27T17:29:12","guid":{"rendered":"https:\/\/espaciogranvia.org\/presentacion-gratuita-do-curso-de-oratoria-aprender-a-transmitir-2\/"},"modified":"2024-02-26T10:46:48","modified_gmt":"2024-02-26T09:46:48","slug":"presentacion-gratuita-do-curso-de-oratoria-aprender-a-transmitir-2","status":"publish","type":"post","link":"https:\/\/espaciogranvia.org\/gal\/presentacion-gratuita-do-curso-de-oratoria-aprender-a-transmitir-2\/","title":{"rendered":"&#8220;CURSO de ORATORIA: aprender a transmitir&#8221;."},"content":{"rendered":"<p><div class=\"fusion-fullwidth fullwidth-box fusion-builder-row-1 fusion-flex-container nonhundred-percent-fullwidth non-hundred-percent-height-scrolling\" style=\"--awb-border-radius-top-left:0px;--awb-border-radius-top-right:0px;--awb-border-radius-bottom-right:0px;--awb-border-radius-bottom-left:0px;--awb-flex-wrap:wrap;\" ><div class=\"fusion-builder-row fusion-row fusion-flex-align-items-flex-start fusion-flex-content-wrap\" style=\"max-width:1248px;margin-left: calc(-4% \/ 2 );margin-right: calc(-4% \/ 2 );\"><div class=\"fusion-layout-column fusion_builder_column fusion-builder-column-0 fusion_builder_column_1_1 1_1 fusion-flex-column\" style=\"--awb-bg-size:cover;--awb-width-large:100%;--awb-margin-top-large:0px;--awb-spacing-right-large:1.92%;--awb-margin-bottom-large:0px;--awb-spacing-left-large:1.92%;--awb-width-medium:100%;--awb-spacing-right-medium:1.92%;--awb-spacing-left-medium:1.92%;--awb-width-small:100%;--awb-spacing-right-small:1.92%;--awb-spacing-left-small:1.92%;\"><div class=\"fusion-column-wrapper fusion-flex-justify-content-flex-start fusion-content-layout-column\"><div class=\"fusion-text fusion-text-1\"><div class=\"fusion-text fusion-text-1\"><\/div>\n<p><span style=\"color: rgb(255, 0, 0);\" data-mce-style=\"color: #ff0000;\"><strong>Presentaci\u00f3n gratu\u00edta: venres 1 de Marzo, \u00e1s 19:00 horas.<\/strong><\/span><\/p>\n<p>Horario do Curso: venres 15 e s\u00e1bado 16 de Marzo, de 19:00 a 21:30 horas.<\/p>\n<p><strong>Consegue a t\u00faa entrada gratu\u00edta:<\/strong> <a data-mce-href=\"https:\/\/bit.ly\/42EmgEK\" href=\"https:\/\/bit.ly\/42EmgEK\">https:\/\/bit.ly\/42EmgEK<\/a><\/p>\n<p>Aprende as t\u00e9cnicas para falar en p\u00fablico e comunicar de maneira eficaz.<\/p>\n<p>Presencial. Aforo limitado. Inscrici\u00f3n aberta!<\/p>\n<p><em><strong>* Obxectivos:<\/strong><\/em><\/p>\n<p>Adquirir os co\u00f1ecementos b\u00e1sicos para a xeraci\u00f3n dun discurso efectivo.<\/p>\n<p>Ferramentas para lograr unha comunicaci\u00f3n efectiva.<\/p>\n<p>Manexo de tempos, espazo e auditorio para lograr o \u00e9xito na comunicaci\u00f3n.<\/p>\n<p>Lograr un correcto manexo da voz e da linguaxe corporal.<\/p>\n<p><strong><em>* Contidos:<\/em><\/strong><\/p>\n<p>Que \u00e9 a oratoria, para que serve, obxectivos do programa.<\/p>\n<p>Comunicaci\u00f3n efectiva do orador.<\/p>\n<p>Bases para a preparaci\u00f3n dun discurso.<\/p>\n<p>Etapas do discurso.<\/p>\n<p>Obxectivos do orador.<\/p>\n<p>Temor oratorio (causas e t\u00e9cnicas de superaci\u00f3n).<\/p>\n<p>Linguaxe gestual e o seu significado.<\/p>\n<p>Fon\u00e9tica, a importancia da voz.<\/p>\n<p>A respiraci\u00f3n.<\/p>\n<p>Recursos para o manexo do auditorio.<\/p>\n<p>Manexo do espazo. Manexo dos tempos.<\/p>\n<p><strong><em>* A quen est\u00e1 dirixido:<\/em><\/strong><\/p>\n<p>A todos aqueles interesados en mellorar as s\u00faas habilidades de comunicaci\u00f3n con e cara aos demais.<\/p>\n<p>A persoas que polas s\u00faas actividades laborais necesiten desenvolverse correctamente en publico, sexa mediante charlas, discursos, conferencias, exposici\u00f3ns, presentaci\u00f3ns ou clases.<\/p>\n<p>A quen actualmente detecten que pos\u00faen bloqueos emocionais que inferen negativamente nas s\u00faas exposici\u00f3ns orais.<\/p>\n<p>A persoas que requiran adquirir habilidades orais para inserirse en mercados laborais competitivos.<\/p>\n<p>A todos aqueles que desexen mellorar a s\u00faa voz e optimizar o manexo da s\u00faa linguaxe corporal.<\/p>\n<p>#tallerdeoratoria #oratoria #hablarmejor #vigocultura #expresarseenpublico #vencerelmiedoescenico #tallerdeoratoriaenvigo #vigohabla #oratoriavigo<\/p>\n<\/div><\/div><\/div><\/div><\/div><div class=\"fusion-fullwidth fullwidth-box fusion-builder-row-2 fusion-flex-container nonhundred-percent-fullwidth non-hundred-percent-height-scrolling\" style=\"--awb-border-radius-top-left:0px;--awb-border-radius-top-right:0px;--awb-border-radius-bottom-right:0px;--awb-border-radius-bottom-left:0px;--awb-flex-wrap:wrap;\" ><\/div><\/p>\n","protected":false},"excerpt":{"rendered":"","protected":false},"author":2,"featured_media":6863,"comment_status":"open","ping_status":"open","sticky":false,"template":"","format":"standard","meta":{"footnotes":""},"categories":[10,22],"tags":[],"class_list":["post-6622","post","type-post","status-publish","format-standard","has-post-thumbnail","hentry","category-actividades-gal","category-cursos-e-obradoiros"],"_links":{"self":[{"href":"https:\/\/espaciogranvia.org\/gal\/wp-json\/wp\/v2\/posts\/6622","targetHints":{"allow":["GET"]}}],"collection":[{"href":"https:\/\/espaciogranvia.org\/gal\/wp-json\/wp\/v2\/posts"}],"about":[{"href":"https:\/\/espaciogranvia.org\/gal\/wp-json\/wp\/v2\/types\/post"}],"author":[{"embeddable":true,"href":"https:\/\/espaciogranvia.org\/gal\/wp-json\/wp\/v2\/users\/2"}],"replies":[{"embeddable":true,"href":"https:\/\/espaciogranvia.org\/gal\/wp-json\/wp\/v2\/comments?post=6622"}],"version-history":[{"count":18,"href":"https:\/\/espaciogranvia.org\/gal\/wp-json\/wp\/v2\/posts\/6622\/revisions"}],"predecessor-version":[{"id":7495,"href":"https:\/\/espaciogranvia.org\/gal\/wp-json\/wp\/v2\/posts\/6622\/revisions\/7495"}],"wp:featuredmedia":[{"embeddable":true,"href":"https:\/\/espaciogranvia.org\/gal\/wp-json\/wp\/v2\/media\/6863"}],"wp:attachment":[{"href":"https:\/\/espaciogranvia.org\/gal\/wp-json\/wp\/v2\/media?parent=6622"}],"wp:term":[{"taxonomy":"category","embeddable":true,"href":"https:\/\/espaciogranvia.org\/gal\/wp-json\/wp\/v2\/categories?post=6622"},{"taxonomy":"post_tag","embeddable":true,"href":"https:\/\/espaciogranvia.org\/gal\/wp-json\/wp\/v2\/tags?post=6622"}],"curies":[{"name":"wp","href":"https:\/\/api.w.org\/{rel}","templated":true}]}}