{"id":6640,"date":"2023-05-02T20:00:32","date_gmt":"2023-05-02T18:00:32","guid":{"rendered":"https:\/\/espaciogranvia.org\/charla-coloquio-aristoteles-e-a-procura-da-felicidade\/"},"modified":"2023-05-11T21:11:49","modified_gmt":"2023-05-11T19:11:49","slug":"charla-coloquio-aristoteles-e-a-procura-da-felicidade","status":"publish","type":"post","link":"https:\/\/espaciogranvia.org\/gal\/charla-coloquio-aristoteles-e-a-procura-da-felicidade\/","title":{"rendered":"Charla-coloquio: &#8220;Arist\u00f3teles e a procura da felicidade&#8221;."},"content":{"rendered":"<div class=\"fusion-fullwidth fullwidth-box fusion-builder-row-1 fusion-flex-container nonhundred-percent-fullwidth non-hundred-percent-height-scrolling\" style=\"--awb-border-radius-top-left:0px;--awb-border-radius-top-right:0px;--awb-border-radius-bottom-right:0px;--awb-border-radius-bottom-left:0px;--awb-flex-wrap:wrap;\" ><div class=\"fusion-builder-row fusion-row fusion-flex-align-items-flex-start fusion-flex-content-wrap\" style=\"max-width:1248px;margin-left: calc(-4% \/ 2 );margin-right: calc(-4% \/ 2 );\"><div class=\"fusion-layout-column fusion_builder_column fusion-builder-column-0 fusion_builder_column_1_1 1_1 fusion-flex-column\" style=\"--awb-bg-size:cover;--awb-width-large:100%;--awb-margin-top-large:0px;--awb-spacing-right-large:1.92%;--awb-margin-bottom-large:0px;--awb-spacing-left-large:1.92%;--awb-width-medium:100%;--awb-spacing-right-medium:1.92%;--awb-spacing-left-medium:1.92%;--awb-width-small:100%;--awb-spacing-right-small:1.92%;--awb-spacing-left-small:1.92%;\"><div class=\"fusion-column-wrapper fusion-flex-justify-content-flex-start fusion-content-layout-column\"><div class=\"fusion-text fusion-text-1\"><p><span style=\"color: #ff0000;\"><strong>Venres 12 de maio, \u00e1s 19:30 horas.<\/strong><\/span><\/p>\n<p><strong>Presencial. Aforo limitado. Consegue a t\u00faa entrada gratu\u00edta:<\/strong> <a href=\"https:\/\/bit.ly\/3nk8XZL\"><span style=\"color: #0000ff;\">https:\/\/bit.ly\/3nk8XZL<\/span><\/a><\/p>\n<p><em>Todos os seres humanos buscamos a felicidade, pero\u2026 onde atopala?<\/em><\/p>\n<p>Arist\u00f3teles responde a un dos m\u00e1is grandes interrogantes da filosof\u00eda: que \u00e9 o que fai \u00e1s persoas felices.<\/p>\n<p>Nesta charla achegar\u00e9mosche as respostas que nos ofrece Arist\u00f3teles para alcanzar a felicidade.<\/p>\n<\/div><\/div><\/div><\/div><\/div>\n","protected":false},"excerpt":{"rendered":"","protected":false},"author":2,"featured_media":6638,"comment_status":"open","ping_status":"open","sticky":false,"template":"","format":"standard","meta":{"footnotes":""},"categories":[10,12],"tags":[],"class_list":["post-6640","post","type-post","status-publish","format-standard","has-post-thumbnail","hentry","category-actividades-gal","category-conferencias-gal"],"_links":{"self":[{"href":"https:\/\/espaciogranvia.org\/gal\/wp-json\/wp\/v2\/posts\/6640","targetHints":{"allow":["GET"]}}],"collection":[{"href":"https:\/\/espaciogranvia.org\/gal\/wp-json\/wp\/v2\/posts"}],"about":[{"href":"https:\/\/espaciogranvia.org\/gal\/wp-json\/wp\/v2\/types\/post"}],"author":[{"embeddable":true,"href":"https:\/\/espaciogranvia.org\/gal\/wp-json\/wp\/v2\/users\/2"}],"replies":[{"embeddable":true,"href":"https:\/\/espaciogranvia.org\/gal\/wp-json\/wp\/v2\/comments?post=6640"}],"version-history":[{"count":2,"href":"https:\/\/espaciogranvia.org\/gal\/wp-json\/wp\/v2\/posts\/6640\/revisions"}],"predecessor-version":[{"id":6662,"href":"https:\/\/espaciogranvia.org\/gal\/wp-json\/wp\/v2\/posts\/6640\/revisions\/6662"}],"wp:featuredmedia":[{"embeddable":true,"href":"https:\/\/espaciogranvia.org\/gal\/wp-json\/wp\/v2\/media\/6638"}],"wp:attachment":[{"href":"https:\/\/espaciogranvia.org\/gal\/wp-json\/wp\/v2\/media?parent=6640"}],"wp:term":[{"taxonomy":"category","embeddable":true,"href":"https:\/\/espaciogranvia.org\/gal\/wp-json\/wp\/v2\/categories?post=6640"},{"taxonomy":"post_tag","embeddable":true,"href":"https:\/\/espaciogranvia.org\/gal\/wp-json\/wp\/v2\/tags?post=6640"}],"curies":[{"name":"wp","href":"https:\/\/api.w.org\/{rel}","templated":true}]}}