{"id":6814,"date":"2023-06-29T20:57:38","date_gmt":"2023-06-29T18:57:38","guid":{"rendered":"https:\/\/espaciogranvia.org\/charla-coloquio-reflexions-sobre-o-poder-do-agora-de-eckhart-tolle\/"},"modified":"2023-07-05T20:23:59","modified_gmt":"2023-07-05T18:23:59","slug":"charla-coloquio-reflexions-sobre-o-poder-do-agora-de-eckhart-tolle","status":"publish","type":"post","link":"https:\/\/espaciogranvia.org\/gal\/charla-coloquio-reflexions-sobre-o-poder-do-agora-de-eckhart-tolle\/","title":{"rendered":"Charla-coloquio: Reflexi\u00f3ns sobre &#8220;O PODER DO AGORA&#8221;, de Eckhart Tolle."},"content":{"rendered":"<div class=\"fusion-fullwidth fullwidth-box fusion-builder-row-1 fusion-flex-container nonhundred-percent-fullwidth non-hundred-percent-height-scrolling\" style=\"--awb-border-radius-top-left:0px;--awb-border-radius-top-right:0px;--awb-border-radius-bottom-right:0px;--awb-border-radius-bottom-left:0px;--awb-flex-wrap:wrap;\" ><div class=\"fusion-builder-row fusion-row fusion-flex-align-items-flex-start fusion-flex-content-wrap\" style=\"max-width:1248px;margin-left: calc(-4% \/ 2 );margin-right: calc(-4% \/ 2 );\"><div class=\"fusion-layout-column fusion_builder_column fusion-builder-column-0 fusion_builder_column_1_1 1_1 fusion-flex-column\" style=\"--awb-bg-size:cover;--awb-width-large:100%;--awb-margin-top-large:0px;--awb-spacing-right-large:1.92%;--awb-margin-bottom-large:0px;--awb-spacing-left-large:1.92%;--awb-width-medium:100%;--awb-spacing-right-medium:1.92%;--awb-spacing-left-medium:1.92%;--awb-width-small:100%;--awb-spacing-right-small:1.92%;--awb-spacing-left-small:1.92%;\"><div class=\"fusion-column-wrapper fusion-flex-justify-content-flex-start fusion-content-layout-column\"><div class=\"fusion-text fusion-text-1\"><p>&#8220;Ti est\u00e1s aqu\u00ed para permitir que o divino prop\u00f3sito do universo se despregue.<br \/>\nEsa \u00e9 a t\u00faa importancia!&#8221; (Eckhart Tolle).<\/p>\n<p><span style=\"color: #ff0000;\"><strong>VENRES 7 DE XULLO, \u00c1s 19:30 HORAS.<\/strong><\/span><br \/>\nPresencial. Aforo limitado.<br \/>\nConsegue a t\u00faa entrada gratu\u00edta: <span style=\"color: #0000ff;\"><a style=\"color: #0000ff;\" href=\"https:\/\/bit.ly\/3Xz18xa\">https:\/\/bit.ly\/3Xz18xa<\/a><\/span><\/p>\n<p>Na nosa pr\u00f3xima conferencia falaremos sobre un deses libros que xorden quizais cada moitos anos, e que son capaces de difundirse por todo o planeta pola enerx\u00eda vital que transmiten e a profundidade das s\u00faas reflexi\u00f3ns.<br \/>\nO seu autor, Eckhart Tolle, recolle ensinos milenarios procedentes das tradici\u00f3ns de sabedor\u00eda antigas como o budismo, gnosticismo ou hinduismo, entre outras. Quizais o seu m\u00e9rito consista en adaptar eses ensinos ao noso tempo actual dunha forma comprensible e moderna.<\/p>\n<p>Son moitos os temas de ra\u00edz espiritual que o autor aborda neste libro. Para penetrarse no <em>PODER DO AGORA<\/em> teremos que deixar atr\u00e1s a nosa mente anal\u00edtica e o seu falso Eu, o ego.<br \/>\nDesde a primeira p\u00e1xina deste extraordinario libro elev\u00e1monos a unha maior altura e respiramos un aire m\u00e1is lixeiro. Conectamos coa esencia indestructible do noso Ser: &#8220;a Vida Unha omnipresente, eterna, que est\u00e1 m\u00e1is al\u00f3 da mir\u00edada de formas de vida suxeitas ao nacemento e \u00e1 morte&#8221;.<br \/>\nA\u00ednda que a viaxe \u00e9 todo un reto, Eckhart Tolle gu\u00edanos usando unha linguaxe simple e un sinxelo formato de pregunta-resposta.<\/p>\n<\/div><\/div><\/div><\/div><\/div>\n","protected":false},"excerpt":{"rendered":"","protected":false},"author":2,"featured_media":6812,"comment_status":"open","ping_status":"open","sticky":false,"template":"","format":"standard","meta":{"footnotes":""},"categories":[12],"tags":[],"class_list":["post-6814","post","type-post","status-publish","format-standard","has-post-thumbnail","hentry","category-conferencias-gal"],"_links":{"self":[{"href":"https:\/\/espaciogranvia.org\/gal\/wp-json\/wp\/v2\/posts\/6814","targetHints":{"allow":["GET"]}}],"collection":[{"href":"https:\/\/espaciogranvia.org\/gal\/wp-json\/wp\/v2\/posts"}],"about":[{"href":"https:\/\/espaciogranvia.org\/gal\/wp-json\/wp\/v2\/types\/post"}],"author":[{"embeddable":true,"href":"https:\/\/espaciogranvia.org\/gal\/wp-json\/wp\/v2\/users\/2"}],"replies":[{"embeddable":true,"href":"https:\/\/espaciogranvia.org\/gal\/wp-json\/wp\/v2\/comments?post=6814"}],"version-history":[{"count":3,"href":"https:\/\/espaciogranvia.org\/gal\/wp-json\/wp\/v2\/posts\/6814\/revisions"}],"predecessor-version":[{"id":6831,"href":"https:\/\/espaciogranvia.org\/gal\/wp-json\/wp\/v2\/posts\/6814\/revisions\/6831"}],"wp:featuredmedia":[{"embeddable":true,"href":"https:\/\/espaciogranvia.org\/gal\/wp-json\/wp\/v2\/media\/6812"}],"wp:attachment":[{"href":"https:\/\/espaciogranvia.org\/gal\/wp-json\/wp\/v2\/media?parent=6814"}],"wp:term":[{"taxonomy":"category","embeddable":true,"href":"https:\/\/espaciogranvia.org\/gal\/wp-json\/wp\/v2\/categories?post=6814"},{"taxonomy":"post_tag","embeddable":true,"href":"https:\/\/espaciogranvia.org\/gal\/wp-json\/wp\/v2\/tags?post=6814"}],"curies":[{"name":"wp","href":"https:\/\/api.w.org\/{rel}","templated":true}]}}