{"id":7005,"date":"2023-09-23T17:52:53","date_gmt":"2023-09-23T15:52:53","guid":{"rendered":"https:\/\/espaciogranvia.org\/charla-estratexias-para-triunfar-na-vida-segundo-a-arte-da-guerra\/"},"modified":"2023-10-07T21:04:42","modified_gmt":"2023-10-07T19:04:42","slug":"charla-estratexias-para-triunfar-na-vida-segundo-a-arte-da-guerra","status":"publish","type":"post","link":"https:\/\/espaciogranvia.org\/gal\/charla-estratexias-para-triunfar-na-vida-segundo-a-arte-da-guerra\/","title":{"rendered":"Charla: ESTRATEXIAS PARA TRIUNFAR NA VIDA (segundo &#8220;A arte da guerra&#8221;)."},"content":{"rendered":"<div class=\"fusion-fullwidth fullwidth-box fusion-builder-row-1 fusion-flex-container nonhundred-percent-fullwidth non-hundred-percent-height-scrolling\" style=\"--awb-border-radius-top-left:0px;--awb-border-radius-top-right:0px;--awb-border-radius-bottom-right:0px;--awb-border-radius-bottom-left:0px;--awb-flex-wrap:wrap;\" ><div class=\"fusion-builder-row fusion-row fusion-flex-align-items-flex-start fusion-flex-content-wrap\" style=\"max-width:1248px;margin-left: calc(-4% \/ 2 );margin-right: calc(-4% \/ 2 );\"><div class=\"fusion-layout-column fusion_builder_column fusion-builder-column-0 fusion_builder_column_1_1 1_1 fusion-flex-column\" style=\"--awb-bg-size:cover;--awb-width-large:100%;--awb-margin-top-large:0px;--awb-spacing-right-large:1.92%;--awb-margin-bottom-large:0px;--awb-spacing-left-large:1.92%;--awb-width-medium:100%;--awb-spacing-right-medium:1.92%;--awb-spacing-left-medium:1.92%;--awb-width-small:100%;--awb-spacing-right-small:1.92%;--awb-spacing-left-small:1.92%;\"><div class=\"fusion-column-wrapper fusion-flex-justify-content-flex-start fusion-content-layout-column\"><div class=\"fusion-text fusion-text-1\"><p><strong>Venres 17 de Novembro, \u00e1s 19:30 horas.<\/strong><\/p>\n<p>Presencial. Aforo limitado.<\/p>\n<p>Con achega voluntaria de 1 kg. de alimentos non perecedoiros (proxecto solidario &#8220;un quilo de sorrisos&#8221;).<\/p>\n<p><strong>Consegue a t\u00faa entrada gratu\u00edta:<\/strong> <a href=\"https:\/\/bit.ly\/46hqEKi\">https:\/\/bit.ly\/46hqEKi<\/a><\/p>\n<p>Os ensinos deste milenario libro, <em>A arte da Guerra<\/em>, de Sun Tzu, van m\u00e1is al\u00f3 do militar e ofrece un conxunto de regras para abordar situaci\u00f3ns conflitivas ou de dif\u00edcil resoluci\u00f3n. Tr\u00e1tase pois m\u00e1is dun libro de filosof\u00eda que nos inspira na arte de vivir, e ax\u00fadanos a triunfar nos combates da vida.<\/p>\n<p>A charla abordar\u00e1 a necesidade que todo ser humano ten de \u00e9xito e de realizaci\u00f3n dos propios proxectos vitais.<\/p>\n<\/div><\/div><\/div><\/div><\/div>\n","protected":false},"excerpt":{"rendered":"","protected":false},"author":2,"featured_media":7002,"comment_status":"open","ping_status":"open","sticky":false,"template":"","format":"standard","meta":{"footnotes":""},"categories":[10,12],"tags":[],"class_list":["post-7005","post","type-post","status-publish","format-standard","has-post-thumbnail","hentry","category-actividades-gal","category-conferencias-gal"],"_links":{"self":[{"href":"https:\/\/espaciogranvia.org\/gal\/wp-json\/wp\/v2\/posts\/7005","targetHints":{"allow":["GET"]}}],"collection":[{"href":"https:\/\/espaciogranvia.org\/gal\/wp-json\/wp\/v2\/posts"}],"about":[{"href":"https:\/\/espaciogranvia.org\/gal\/wp-json\/wp\/v2\/types\/post"}],"author":[{"embeddable":true,"href":"https:\/\/espaciogranvia.org\/gal\/wp-json\/wp\/v2\/users\/2"}],"replies":[{"embeddable":true,"href":"https:\/\/espaciogranvia.org\/gal\/wp-json\/wp\/v2\/comments?post=7005"}],"version-history":[{"count":8,"href":"https:\/\/espaciogranvia.org\/gal\/wp-json\/wp\/v2\/posts\/7005\/revisions"}],"predecessor-version":[{"id":7085,"href":"https:\/\/espaciogranvia.org\/gal\/wp-json\/wp\/v2\/posts\/7005\/revisions\/7085"}],"wp:featuredmedia":[{"embeddable":true,"href":"https:\/\/espaciogranvia.org\/gal\/wp-json\/wp\/v2\/media\/7002"}],"wp:attachment":[{"href":"https:\/\/espaciogranvia.org\/gal\/wp-json\/wp\/v2\/media?parent=7005"}],"wp:term":[{"taxonomy":"category","embeddable":true,"href":"https:\/\/espaciogranvia.org\/gal\/wp-json\/wp\/v2\/categories?post=7005"},{"taxonomy":"post_tag","embeddable":true,"href":"https:\/\/espaciogranvia.org\/gal\/wp-json\/wp\/v2\/tags?post=7005"}],"curies":[{"name":"wp","href":"https:\/\/api.w.org\/{rel}","templated":true}]}}