{"id":7403,"date":"2024-02-01T23:06:41","date_gmt":"2024-02-01T22:06:41","guid":{"rendered":"https:\/\/espaciogranvia.org\/cafe-filosofico-que-e-o-amor\/"},"modified":"2024-02-01T23:34:08","modified_gmt":"2024-02-01T22:34:08","slug":"cafe-filosofico-que-e-o-amor","status":"publish","type":"post","link":"https:\/\/espaciogranvia.org\/gal\/cafe-filosofico-que-e-o-amor\/","title":{"rendered":"Caf\u00e9 filos\u00f3fico: \u00bfQU\u00c9 \u00c9 O AMOR?"},"content":{"rendered":"<p><div class=\"fusion-fullwidth fullwidth-box fusion-builder-row-1 fusion-flex-container nonhundred-percent-fullwidth non-hundred-percent-height-scrolling\" style=\"--awb-border-radius-top-left:0px;--awb-border-radius-top-right:0px;--awb-border-radius-bottom-right:0px;--awb-border-radius-bottom-left:0px;--awb-flex-wrap:wrap;\" ><div class=\"fusion-builder-row fusion-row fusion-flex-align-items-flex-start fusion-flex-content-wrap\" style=\"max-width:1248px;margin-left: calc(-4% \/ 2 );margin-right: calc(-4% \/ 2 );\"><div class=\"fusion-layout-column fusion_builder_column fusion-builder-column-0 fusion_builder_column_1_1 1_1 fusion-flex-column\" style=\"--awb-bg-size:cover;--awb-width-large:100%;--awb-margin-top-large:0px;--awb-spacing-right-large:1.92%;--awb-margin-bottom-large:0px;--awb-spacing-left-large:1.92%;--awb-width-medium:100%;--awb-spacing-right-medium:1.92%;--awb-spacing-left-medium:1.92%;--awb-width-small:100%;--awb-spacing-right-small:1.92%;--awb-spacing-left-small:1.92%;\"><div class=\"fusion-column-wrapper fusion-flex-justify-content-flex-start fusion-content-layout-column\"><div class=\"fusion-text fusion-text-1\"><p><strong>Caf\u00e9-di\u00e1logo filos\u00f3fico:<\/strong> ven a descubrir que hai moita m\u00e1is xente da que crees coa que poder conversar sobre Filosof\u00eda.<\/p>\n<p><strong>Venres 9 de febreiro \u00e1s 19:30 horas,<\/strong> esper\u00e1mosche en <em>Bar &#8217;43 Graos&#8217; Coffee &amp; Grill, en Vigo: Avda. Camelias, 129.<\/em><\/p>\n<p><strong>Consegue a t\u00faa entrada gratu\u00edta:<\/strong> <a data-mce-href=\"https:\/\/bit.ly\/3Ol0Cz6\" href=\"https:\/\/bit.ly\/3Ol0Cz6\">https:\/\/bit.ly\/3Ol0Cz6<\/a><\/p>\n<p>Un momento para compartir as t\u00faas ideas e aprender novas ferramentas filos\u00f3ficas para aplicalas no noso d\u00eda a d\u00eda.<\/p>\n<hr>\n<p>O amor \u00e9 a necesidade que move ao ser humano? \u00c9 a s\u00faa finalidade? A meta do cami\u00f1o? \u00c9 algo que impulsa ou \u00e9 algo que atrapa? \u00c9 exclu\u00ednte ou integrador? \u00c9 xeneroso ou ego\u00edsta?<\/p>\n<p>Achega as t\u00faas ideas ou simplemente s\u00famate para inspirarche e espertar o que xa levas dentro. Trataremos as seguintes cuesti\u00f3ns, entre outras:<br \/>\u2022 Existen diferentes formas de amar?<br \/>\u2022 Como vivir mellor o amor?<br \/>\u2022 Que \u00e9 o amor plat\u00f3nico?<\/p>\n<hr>\n<p><em>Prazas limitadas a 20 persoas! &#8212;&gt; Por favor, se responsable coa t\u00faa inscrici\u00f3n. Se non vas poder vir, d\u00e1che de baixa para ceder a t\u00faa praza a outra persoa.<\/em><\/p>\n<\/div><\/div><\/div><\/div><\/div><div class=\"fusion-fullwidth fullwidth-box fusion-builder-row-2 fusion-flex-container nonhundred-percent-fullwidth non-hundred-percent-height-scrolling\" style=\"--awb-border-radius-top-left:0px;--awb-border-radius-top-right:0px;--awb-border-radius-bottom-right:0px;--awb-border-radius-bottom-left:0px;--awb-flex-wrap:wrap;\" ><div class=\"fusion-builder-row fusion-row fusion-flex-align-items-flex-start fusion-flex-content-wrap\" style=\"max-width:1248px;margin-left: calc(-4% \/ 2 );margin-right: calc(-4% \/ 2 );\"><div class=\"fusion-layout-column fusion_builder_column fusion-builder-column-1 fusion_builder_column_1_1 1_1 fusion-flex-column\" style=\"--awb-bg-size:cover;--awb-width-large:100%;--awb-margin-top-large:0px;--awb-spacing-right-large:1.92%;--awb-margin-bottom-large:0px;--awb-spacing-left-large:1.92%;--awb-width-medium:100%;--awb-spacing-right-medium:1.92%;--awb-spacing-left-medium:1.92%;--awb-width-small:100%;--awb-spacing-right-small:1.92%;--awb-spacing-left-small:1.92%;\"><div class=\"fusion-column-wrapper fusion-flex-justify-content-flex-start fusion-content-layout-column\"><div class=\"fusion-text fusion-text-2\"><hr>\n<hr>\n<\/div><\/div><\/div><\/div><\/div><\/p>\n","protected":false},"excerpt":{"rendered":"","protected":false},"author":2,"featured_media":7397,"comment_status":"open","ping_status":"open","sticky":false,"template":"","format":"standard","meta":{"footnotes":""},"categories":[10,58],"tags":[],"class_list":["post-7403","post","type-post","status-publish","format-standard","has-post-thumbnail","hentry","category-actividades-gal","category-cafe-filosofico-gal"],"_links":{"self":[{"href":"https:\/\/espaciogranvia.org\/gal\/wp-json\/wp\/v2\/posts\/7403","targetHints":{"allow":["GET"]}}],"collection":[{"href":"https:\/\/espaciogranvia.org\/gal\/wp-json\/wp\/v2\/posts"}],"about":[{"href":"https:\/\/espaciogranvia.org\/gal\/wp-json\/wp\/v2\/types\/post"}],"author":[{"embeddable":true,"href":"https:\/\/espaciogranvia.org\/gal\/wp-json\/wp\/v2\/users\/2"}],"replies":[{"embeddable":true,"href":"https:\/\/espaciogranvia.org\/gal\/wp-json\/wp\/v2\/comments?post=7403"}],"version-history":[{"count":8,"href":"https:\/\/espaciogranvia.org\/gal\/wp-json\/wp\/v2\/posts\/7403\/revisions"}],"predecessor-version":[{"id":7411,"href":"https:\/\/espaciogranvia.org\/gal\/wp-json\/wp\/v2\/posts\/7403\/revisions\/7411"}],"wp:featuredmedia":[{"embeddable":true,"href":"https:\/\/espaciogranvia.org\/gal\/wp-json\/wp\/v2\/media\/7397"}],"wp:attachment":[{"href":"https:\/\/espaciogranvia.org\/gal\/wp-json\/wp\/v2\/media?parent=7403"}],"wp:term":[{"taxonomy":"category","embeddable":true,"href":"https:\/\/espaciogranvia.org\/gal\/wp-json\/wp\/v2\/categories?post=7403"},{"taxonomy":"post_tag","embeddable":true,"href":"https:\/\/espaciogranvia.org\/gal\/wp-json\/wp\/v2\/tags?post=7403"}],"curies":[{"name":"wp","href":"https:\/\/api.w.org\/{rel}","templated":true}]}}