{"id":7485,"date":"2024-02-26T00:39:07","date_gmt":"2024-02-25T23:39:07","guid":{"rendered":"https:\/\/espaciogranvia.org\/charla-dia-da-muller-simone-weil-a-filosofia-comprometida-co-seu-tempo\/"},"modified":"2024-03-05T23:45:01","modified_gmt":"2024-03-05T22:45:01","slug":"charla-dia-da-muller-simone-weil-a-filosofia-comprometida-co-seu-tempo","status":"publish","type":"post","link":"https:\/\/espaciogranvia.org\/gal\/charla-dia-da-muller-simone-weil-a-filosofia-comprometida-co-seu-tempo\/","title":{"rendered":"Charla-D\u00eda da Muller: &#8220;SIMONE WEIL, a filosof\u00eda comprometida co seu tempo&#8221;."},"content":{"rendered":"<div class=\"fusion-fullwidth fullwidth-box fusion-builder-row-1 fusion-flex-container nonhundred-percent-fullwidth non-hundred-percent-height-scrolling\" style=\"--awb-border-radius-top-left:0px;--awb-border-radius-top-right:0px;--awb-border-radius-bottom-right:0px;--awb-border-radius-bottom-left:0px;--awb-flex-wrap:wrap;\" ><div class=\"fusion-builder-row fusion-row fusion-flex-align-items-flex-start fusion-flex-content-wrap\" style=\"max-width:1248px;margin-left: calc(-4% \/ 2 );margin-right: calc(-4% \/ 2 );\"><div class=\"fusion-layout-column fusion_builder_column fusion-builder-column-0 fusion_builder_column_1_1 1_1 fusion-flex-column\" style=\"--awb-bg-size:cover;--awb-width-large:100%;--awb-margin-top-large:0px;--awb-spacing-right-large:1.92%;--awb-margin-bottom-large:0px;--awb-spacing-left-large:1.92%;--awb-width-medium:100%;--awb-spacing-right-medium:1.92%;--awb-spacing-left-medium:1.92%;--awb-width-small:100%;--awb-spacing-right-small:1.92%;--awb-spacing-left-small:1.92%;\"><div class=\"fusion-column-wrapper fusion-flex-justify-content-flex-start fusion-content-layout-column\"><div class=\"fusion-text fusion-text-1\"><p><span style=\"color: rgb(255, 0, 0);\" data-mce-style=\"color: #ff0000;\"><strong>Venres 8 de Marzo, de 19:30 a 21:00 horas.<\/strong><\/span><\/p>\n<p>Presencial. Aforo limitado.<\/p>\n<p><strong>Consegue a t\u00faa entrada gratu\u00edta:<\/strong> <a data-mce-href=\"https:\/\/bit.ly\/42OPJfb\" href=\"https:\/\/bit.ly\/42OPJfb\">https:\/\/bit.ly\/42OPJfb<\/a><\/p>\n<p><em>Achega voluntaria dun 1 kg. de alimentos non perecedoiros para o proxecto &#8220;1 quilo de sorrisos&#8221;.<\/em><\/p>\n<p>Ven e \u00faneche a n\u00f3s para unha charla inspiradora sobre como as ideas de Simone Weil poden impactar e transformar o mundo que nos rodea!<\/p>\n<p>Acomp\u00e1\u00f1anos en &#8216;ESPAZO GRAN V\u00cdA: Ideas en acci\u00f3n&#8217; para descubrir como a filosof\u00eda pode ser unha poderosa ferramenta para a acci\u00f3n e o cambio social.<\/p>\n<p>Ven a reflexionar, debater e conectar con outros apaixonados por facer do mundo un lugar mellor! Esper\u00e1mosche!<\/p>\n<\/div><\/div><\/div><\/div><\/div>\n","protected":false},"excerpt":{"rendered":"","protected":false},"author":2,"featured_media":7473,"comment_status":"open","ping_status":"open","sticky":false,"template":"","format":"standard","meta":{"footnotes":""},"categories":[10,12],"tags":[],"class_list":["post-7485","post","type-post","status-publish","format-standard","has-post-thumbnail","hentry","category-actividades-gal","category-conferencias-gal"],"_links":{"self":[{"href":"https:\/\/espaciogranvia.org\/gal\/wp-json\/wp\/v2\/posts\/7485","targetHints":{"allow":["GET"]}}],"collection":[{"href":"https:\/\/espaciogranvia.org\/gal\/wp-json\/wp\/v2\/posts"}],"about":[{"href":"https:\/\/espaciogranvia.org\/gal\/wp-json\/wp\/v2\/types\/post"}],"author":[{"embeddable":true,"href":"https:\/\/espaciogranvia.org\/gal\/wp-json\/wp\/v2\/users\/2"}],"replies":[{"embeddable":true,"href":"https:\/\/espaciogranvia.org\/gal\/wp-json\/wp\/v2\/comments?post=7485"}],"version-history":[{"count":10,"href":"https:\/\/espaciogranvia.org\/gal\/wp-json\/wp\/v2\/posts\/7485\/revisions"}],"predecessor-version":[{"id":7508,"href":"https:\/\/espaciogranvia.org\/gal\/wp-json\/wp\/v2\/posts\/7485\/revisions\/7508"}],"wp:featuredmedia":[{"embeddable":true,"href":"https:\/\/espaciogranvia.org\/gal\/wp-json\/wp\/v2\/media\/7473"}],"wp:attachment":[{"href":"https:\/\/espaciogranvia.org\/gal\/wp-json\/wp\/v2\/media?parent=7485"}],"wp:term":[{"taxonomy":"category","embeddable":true,"href":"https:\/\/espaciogranvia.org\/gal\/wp-json\/wp\/v2\/categories?post=7485"},{"taxonomy":"post_tag","embeddable":true,"href":"https:\/\/espaciogranvia.org\/gal\/wp-json\/wp\/v2\/tags?post=7485"}],"curies":[{"name":"wp","href":"https:\/\/api.w.org\/{rel}","templated":true}]}}