{"id":7675,"date":"2024-05-18T01:00:00","date_gmt":"2024-05-17T23:00:00","guid":{"rendered":"https:\/\/espaciogranvia.org\/?p=7675"},"modified":"2024-05-22T21:02:29","modified_gmt":"2024-05-22T19:02:29","slug":"presentacion-gratuita-curso-de-filosofia-para-vivir-2","status":"publish","type":"post","link":"https:\/\/espaciogranvia.org\/gal\/presentacion-gratuita-curso-de-filosofia-para-vivir-2\/","title":{"rendered":"Presentaci\u00f3n gratuita: CURSO DE FILOSOF\u00cdA PARA VIVIR."},"content":{"rendered":"<div class=\"fusion-fullwidth fullwidth-box fusion-builder-row-1 fusion-flex-container nonhundred-percent-fullwidth non-hundred-percent-height-scrolling\" style=\"--awb-border-radius-top-left:0px;--awb-border-radius-top-right:0px;--awb-border-radius-bottom-right:0px;--awb-border-radius-bottom-left:0px;--awb-flex-wrap:wrap;\" ><div class=\"fusion-builder-row fusion-row fusion-flex-align-items-flex-start fusion-flex-content-wrap\" style=\"max-width:1248px;margin-left: calc(-4% \/ 2 );margin-right: calc(-4% \/ 2 );\"><div class=\"fusion-layout-column fusion_builder_column fusion-builder-column-0 fusion_builder_column_1_1 1_1 fusion-flex-column\" style=\"--awb-bg-size:cover;--awb-width-large:100%;--awb-margin-top-large:0px;--awb-spacing-right-large:1.92%;--awb-margin-bottom-large:0px;--awb-spacing-left-large:1.92%;--awb-width-medium:100%;--awb-spacing-right-medium:1.92%;--awb-spacing-left-medium:1.92%;--awb-width-small:100%;--awb-spacing-right-small:1.92%;--awb-spacing-left-small:1.92%;\"><div class=\"fusion-column-wrapper fusion-flex-justify-content-flex-start fusion-content-layout-column\"><div class=\"fusion-text fusion-text-1\"><p><span style=\"color: #000000;\"><strong>Mi\u00e9rcoles 22 de mayo, de 19:00 a 20:00 horas.<\/strong><\/span><\/p>\n<p><strong>Consigue tu entrada gratuita:<\/strong> <a href=\"https:\/\/bit.ly\/3JW6dJR\">https:\/\/bit.ly\/3JW6dJR<\/a><\/p>\n<p>\u00bfTe haces preguntas sobre el sentido de la vida?<br \/>\n\u00bfQuieres comprender mejor el mundo que te rodea?<br \/>\n\u00bfDeseas profundizar en tu propio ser?<br \/>\n\u00a1No te pierdas esta oportunidad \u00fanica!<br \/>\nTe invitamos a la presentaci\u00f3n y primera clase gratuita del curso: FILOSOF\u00cdA PARA VIVIR.<\/p>\n<p><em>En este curso:<\/em><br \/>\n-Exploraremos las grandes preguntas de la filosof\u00eda: \u00bfQui\u00e9n soy? \u00bfde donde vengo? \u00bfCu\u00e1l es el sentido de la vida?\u00bfQu\u00e9 es la \u00e9tica?<br \/>\n-Reflexionaremos sobre las ideas de los fil\u00f3sofos m\u00e1s importantes de la historia.<br \/>\n-Desarrollaremos nuestro pensamiento cr\u00edtico y nuestras habilidades de an\u00e1lisis.<br \/>\n-Comenzaremos a conocernos mejor a nosotros mismos y a nuestro lugar en el mundo.<\/p>\n<p><em>Impartido por:<\/em><br \/>\nJuli\u00e1n Palomares , fil\u00f3sofo con una amplia experiencia en la ense\u00f1anza y divulgaci\u00f3n de la filosof\u00eda.<br \/>\n<em>\u00bfCu\u00e1ndo?<\/em><br \/>\nMi\u00e9rcoles 22 de mayo a las 19:00 horas<br \/>\n<em>\u00bfD\u00f3nde?<\/em><br \/>\nAvda. Gran V\u00eda, 2 -3\u00ba E. Vigo<br \/>\nEntrada gratuita.<br \/>\nReserva tu plaza en info@espaciogranvia.org o en el tel\u00e9fono 620972419.<br \/>\n\u00a1No te quedes sin tu lugar!<br \/>\n\u00a1Te esperamos!<\/p>\n<p><em>Adem\u00e1s:<\/em><br \/>\n&#8211; Comparte esta informaci\u00f3n con tus amigos y familiares que tambi\u00e9n puedan estar interesados.<br \/>\n&#8211; S\u00edguenos en nuestras redes sociales para estar al d\u00eda de todas las novedades.<br \/>\n\u00a1Nos vemos en el curso!<\/p>\n<\/div><\/div><\/div><\/div><\/div>\n","protected":false},"excerpt":{"rendered":"","protected":false},"author":2,"featured_media":7676,"comment_status":"open","ping_status":"open","sticky":false,"template":"","format":"standard","meta":{"footnotes":""},"categories":[3,1],"tags":[],"class_list":["post-7675","post","type-post","status-publish","format-standard","has-post-thumbnail","hentry","category-actividades","category-cursos-talleres"],"_links":{"self":[{"href":"https:\/\/espaciogranvia.org\/gal\/wp-json\/wp\/v2\/posts\/7675","targetHints":{"allow":["GET"]}}],"collection":[{"href":"https:\/\/espaciogranvia.org\/gal\/wp-json\/wp\/v2\/posts"}],"about":[{"href":"https:\/\/espaciogranvia.org\/gal\/wp-json\/wp\/v2\/types\/post"}],"author":[{"embeddable":true,"href":"https:\/\/espaciogranvia.org\/gal\/wp-json\/wp\/v2\/users\/2"}],"replies":[{"embeddable":true,"href":"https:\/\/espaciogranvia.org\/gal\/wp-json\/wp\/v2\/comments?post=7675"}],"version-history":[{"count":3,"href":"https:\/\/espaciogranvia.org\/gal\/wp-json\/wp\/v2\/posts\/7675\/revisions"}],"predecessor-version":[{"id":7705,"href":"https:\/\/espaciogranvia.org\/gal\/wp-json\/wp\/v2\/posts\/7675\/revisions\/7705"}],"wp:featuredmedia":[{"embeddable":true,"href":"https:\/\/espaciogranvia.org\/gal\/wp-json\/wp\/v2\/media\/7676"}],"wp:attachment":[{"href":"https:\/\/espaciogranvia.org\/gal\/wp-json\/wp\/v2\/media?parent=7675"}],"wp:term":[{"taxonomy":"category","embeddable":true,"href":"https:\/\/espaciogranvia.org\/gal\/wp-json\/wp\/v2\/categories?post=7675"},{"taxonomy":"post_tag","embeddable":true,"href":"https:\/\/espaciogranvia.org\/gal\/wp-json\/wp\/v2\/tags?post=7675"}],"curies":[{"name":"wp","href":"https:\/\/api.w.org\/{rel}","templated":true}]}}