{"id":7845,"date":"2024-08-14T14:43:07","date_gmt":"2024-08-14T12:43:07","guid":{"rendered":"https:\/\/espaciogranvia.org\/charla-coloquio-por-que-sufrimos-respostas-desde-a-filosofia-budista\/"},"modified":"2024-08-14T14:48:43","modified_gmt":"2024-08-14T12:48:43","slug":"charla-coloquio-por-que-sufrimos-respostas-desde-a-filosofia-budista","status":"publish","type":"post","link":"https:\/\/espaciogranvia.org\/gal\/charla-coloquio-por-que-sufrimos-respostas-desde-a-filosofia-budista\/","title":{"rendered":"Charla-coloquio: POR QU\u00c9 SUFRIMOS? RESPOSTAS DESDE A FILOSOF\u00cdA BUDISTA."},"content":{"rendered":"<p><strong>Venres 27 de setembro, de 19:30 a 21:00 horas.<\/strong><\/p>\n<p><em>Consegue a t\u00faa entrada gratu\u00edta:<\/em> <a data-mce-href=\"https:\/\/bit.ly\/3yymgLK\" href=\"https:\/\/bit.ly\/3yymgLK\">https:\/\/bit.ly\/3yymgLK<\/a><\/p>\n<p>Por que o sufrimento \u00e9 parte inherente da experiencia humana? Existe unha sa\u00edda ao ciclo da dor?<\/p>\n<p>Exploraremos os profundos ensinos do budismo para atopar respostas a estas preguntas fundamentais.<\/p>\n<p>\u00daneche a n\u00f3s nesta viaxe cara \u00e1 liberaci\u00f3n!<\/p>\n","protected":false},"excerpt":{"rendered":"<p>Venres 27 de setembro, de 19:30 a 21:00 horas. Consegue a t\u00faa entrada gratu\u00edta: https:\/\/bit.ly\/3yymgLK Por que o sufrimento \u00e9 parte inherente da experiencia humana? Existe unha sa\u00edda ao ciclo da dor? Exploraremos os profundos ensinos do budismo para atopar  [&#8230;]<\/p>\n","protected":false},"author":2,"featured_media":7842,"comment_status":"open","ping_status":"open","sticky":false,"template":"","format":"standard","meta":{"footnotes":""},"categories":[10,12],"tags":[],"class_list":["post-7845","post","type-post","status-publish","format-standard","has-post-thumbnail","hentry","category-actividades-gal","category-conferencias-gal"],"_links":{"self":[{"href":"https:\/\/espaciogranvia.org\/gal\/wp-json\/wp\/v2\/posts\/7845","targetHints":{"allow":["GET"]}}],"collection":[{"href":"https:\/\/espaciogranvia.org\/gal\/wp-json\/wp\/v2\/posts"}],"about":[{"href":"https:\/\/espaciogranvia.org\/gal\/wp-json\/wp\/v2\/types\/post"}],"author":[{"embeddable":true,"href":"https:\/\/espaciogranvia.org\/gal\/wp-json\/wp\/v2\/users\/2"}],"replies":[{"embeddable":true,"href":"https:\/\/espaciogranvia.org\/gal\/wp-json\/wp\/v2\/comments?post=7845"}],"version-history":[{"count":1,"href":"https:\/\/espaciogranvia.org\/gal\/wp-json\/wp\/v2\/posts\/7845\/revisions"}],"predecessor-version":[{"id":7846,"href":"https:\/\/espaciogranvia.org\/gal\/wp-json\/wp\/v2\/posts\/7845\/revisions\/7846"}],"wp:featuredmedia":[{"embeddable":true,"href":"https:\/\/espaciogranvia.org\/gal\/wp-json\/wp\/v2\/media\/7842"}],"wp:attachment":[{"href":"https:\/\/espaciogranvia.org\/gal\/wp-json\/wp\/v2\/media?parent=7845"}],"wp:term":[{"taxonomy":"category","embeddable":true,"href":"https:\/\/espaciogranvia.org\/gal\/wp-json\/wp\/v2\/categories?post=7845"},{"taxonomy":"post_tag","embeddable":true,"href":"https:\/\/espaciogranvia.org\/gal\/wp-json\/wp\/v2\/tags?post=7845"}],"curies":[{"name":"wp","href":"https:\/\/api.w.org\/{rel}","templated":true}]}}