{"id":7986,"date":"2024-11-08T08:12:13","date_gmt":"2024-11-08T07:12:13","guid":{"rendered":"https:\/\/espaciogranvia.org\/charla-filosofica-o-home-en-busca-de-sentido-de-viktor-frankl\/"},"modified":"2024-11-13T00:41:18","modified_gmt":"2024-11-12T23:41:18","slug":"charla-filosofica-o-home-en-busca-de-sentido-de-viktor-frankl","status":"publish","type":"post","link":"https:\/\/espaciogranvia.org\/gal\/charla-filosofica-o-home-en-busca-de-sentido-de-viktor-frankl\/","title":{"rendered":"Charla filos\u00f3fica: O HOME EN BUSCA DE SENTIDO, de V\u00edktor Frankl."},"content":{"rendered":"<div class=\"fusion-fullwidth fullwidth-box fusion-builder-row-1 fusion-flex-container nonhundred-percent-fullwidth non-hundred-percent-height-scrolling\" style=\"--awb-border-radius-top-left:0px;--awb-border-radius-top-right:0px;--awb-border-radius-bottom-right:0px;--awb-border-radius-bottom-left:0px;--awb-flex-wrap:wrap;\" ><div class=\"fusion-builder-row fusion-row fusion-flex-align-items-flex-start fusion-flex-content-wrap\" style=\"max-width:1248px;margin-left: calc(-4% \/ 2 );margin-right: calc(-4% \/ 2 );\"><div class=\"fusion-layout-column fusion_builder_column fusion-builder-column-0 fusion_builder_column_1_1 1_1 fusion-flex-column\" style=\"--awb-bg-size:cover;--awb-width-large:100%;--awb-margin-top-large:0px;--awb-spacing-right-large:1.92%;--awb-margin-bottom-large:0px;--awb-spacing-left-large:1.92%;--awb-width-medium:100%;--awb-spacing-right-medium:1.92%;--awb-spacing-left-medium:1.92%;--awb-width-small:100%;--awb-spacing-right-small:1.92%;--awb-spacing-left-small:1.92%;\"><div class=\"fusion-column-wrapper fusion-flex-justify-content-flex-start fusion-content-layout-column\"><div class=\"fusion-text fusion-text-1\"><p><span style=\"color: rgb(255, 0, 0);\" data-mce-style=\"color: #ff0000;\"><strong>Venres 15 de novembro, de 19:30 a 21:00 horas.<\/strong><\/span><\/p>\n<p><em>Consegue a t\u00faa entrada gratu\u00edta:<\/em> <a data-mce-href=\"https:\/\/bit.ly\/3NVS0yt\" href=\"https:\/\/bit.ly\/3NVS0yt\">https:\/\/bit.ly\/3NVS0yt<\/a><\/p>\n<p>Mesmo nas circunstancias m\u00e1is extremas, o ser humano ten a capacidade de atopar un sentido \u00e1 vida.<\/p>\n<p>A vida pres\u00e9ntanos desaf\u00edos que \u00e1s veces parecen insuperables. Como podemos atopar a forza para seguir adiante e atopar un prop\u00f3sito no medio do sufrimento? Viktor Frankl, a trav\u00e9s da s\u00faa obra &#8220;O home en busca de sentido&#8221;, ofr\u00e9cenos unha gu\u00eda invaluable para superar a adversidade e atopar a felicidade. <\/p>\n<p>Non te perdas esta oportunidade de explorar o seu legado e descubrir como aplicar os seus ensinos \u00e1 t\u00faa vida diaria.<\/p>\n<p><em>Achega voluntaria dun alimento non perecedoiro para o proxecto de voluntariado \u00ab1 quilo de sorrisos\u00bb.<\/em><\/p>\n<\/div><\/div><\/div><\/div><\/div>\n","protected":false},"excerpt":{"rendered":"","protected":false},"author":2,"featured_media":7972,"comment_status":"open","ping_status":"open","sticky":false,"template":"","format":"standard","meta":{"footnotes":""},"categories":[10,12],"tags":[],"class_list":["post-7986","post","type-post","status-publish","format-standard","has-post-thumbnail","hentry","category-actividades-gal","category-conferencias-gal"],"_links":{"self":[{"href":"https:\/\/espaciogranvia.org\/gal\/wp-json\/wp\/v2\/posts\/7986","targetHints":{"allow":["GET"]}}],"collection":[{"href":"https:\/\/espaciogranvia.org\/gal\/wp-json\/wp\/v2\/posts"}],"about":[{"href":"https:\/\/espaciogranvia.org\/gal\/wp-json\/wp\/v2\/types\/post"}],"author":[{"embeddable":true,"href":"https:\/\/espaciogranvia.org\/gal\/wp-json\/wp\/v2\/users\/2"}],"replies":[{"embeddable":true,"href":"https:\/\/espaciogranvia.org\/gal\/wp-json\/wp\/v2\/comments?post=7986"}],"version-history":[{"count":8,"href":"https:\/\/espaciogranvia.org\/gal\/wp-json\/wp\/v2\/posts\/7986\/revisions"}],"predecessor-version":[{"id":7994,"href":"https:\/\/espaciogranvia.org\/gal\/wp-json\/wp\/v2\/posts\/7986\/revisions\/7994"}],"wp:featuredmedia":[{"embeddable":true,"href":"https:\/\/espaciogranvia.org\/gal\/wp-json\/wp\/v2\/media\/7972"}],"wp:attachment":[{"href":"https:\/\/espaciogranvia.org\/gal\/wp-json\/wp\/v2\/media?parent=7986"}],"wp:term":[{"taxonomy":"category","embeddable":true,"href":"https:\/\/espaciogranvia.org\/gal\/wp-json\/wp\/v2\/categories?post=7986"},{"taxonomy":"post_tag","embeddable":true,"href":"https:\/\/espaciogranvia.org\/gal\/wp-json\/wp\/v2\/tags?post=7986"}],"curies":[{"name":"wp","href":"https:\/\/api.w.org\/{rel}","templated":true}]}}