{"id":8237,"date":"2025-01-30T10:30:12","date_gmt":"2025-01-30T09:30:12","guid":{"rendered":"https:\/\/espaciogranvia.org\/presentacion-curso-de-filosofia-para-vivir\/"},"modified":"2025-01-30T12:28:52","modified_gmt":"2025-01-30T11:28:52","slug":"presentacion-curso-de-filosofia-para-vivir","status":"publish","type":"post","link":"https:\/\/espaciogranvia.org\/gal\/presentacion-curso-de-filosofia-para-vivir\/","title":{"rendered":"Presentaci\u00f3n: CURSO DE FILOSOF\u00cdA PARA VIVIR."},"content":{"rendered":"<div class=\"fusion-fullwidth fullwidth-box fusion-builder-row-1 fusion-flex-container nonhundred-percent-fullwidth non-hundred-percent-height-scrolling\" style=\"--awb-border-radius-top-left:0px;--awb-border-radius-top-right:0px;--awb-border-radius-bottom-right:0px;--awb-border-radius-bottom-left:0px;--awb-flex-wrap:wrap;\" ><div class=\"fusion-builder-row fusion-row fusion-flex-align-items-flex-start fusion-flex-content-wrap\" style=\"max-width:1248px;margin-left: calc(-4% \/ 2 );margin-right: calc(-4% \/ 2 );\"><div class=\"fusion-layout-column fusion_builder_column fusion-builder-column-0 fusion_builder_column_1_1 1_1 fusion-flex-column\" style=\"--awb-bg-size:cover;--awb-width-large:100%;--awb-margin-top-large:0px;--awb-spacing-right-large:1.92%;--awb-margin-bottom-large:0px;--awb-spacing-left-large:1.92%;--awb-width-medium:100%;--awb-spacing-right-medium:1.92%;--awb-spacing-left-medium:1.92%;--awb-width-small:100%;--awb-spacing-right-small:1.92%;--awb-spacing-left-small:1.92%;\"><div class=\"fusion-column-wrapper fusion-flex-justify-content-flex-start fusion-content-layout-column\"><div class=\"fusion-text fusion-text-1\"><p>Presentaci\u00f3n gratu\u00edta: CURSO DE FILOSOF\u00cdA PARA VIVIR!<br \/>\n<strong>M\u00e9rcores 12 de febreiro &#8211; 19:00 h.<\/strong><\/p>\n<p><em>Consegue a t\u00faa entrada gratu\u00edta:<\/em> <a href=\"https:\/\/bit.ly\/3CqOtpS\">https:\/\/bit.ly\/3CqOtpS<\/a><\/p>\n<p>Aprende a vivir mellor coa filosof\u00eda pr\u00e1ctica. Os grandes ensinos de todos os tempos.<br \/>\nEste curso re\u00fane o pensamento dos fil\u00f3sofos m\u00e1is destacados de Oriente e Occidente, en especial daqueles que deixaron profundas pegadas no carreiro da humanidade.<br \/>\nA vivencia pr\u00e1ctica da filosof\u00eda v\u00f3lvenos m\u00e1is aut\u00e9nticos, m\u00e1is seguros de n\u00f3s mesmos, m\u00e1is felices. Unha oportunidade de traballar para co\u00f1ecerte e mellorarche.<\/p>\n<p>-CLASE DE PRESENTACI\u00d3N GRATU\u00cdTA: m\u00e9rcores 12 de febreiro \u00e1s 19:00 h.<br \/>\n&#8211; <strong>HORARIO: De 19:00 a 21:00 h.<\/strong><br \/>\n&#8211; PRAZAS LIMITADAS: ata 15 persoas<br \/>\n&#8211; A QUEN VAI DESTINADO: a calquera persoa que ame a filosof\u00eda\/sabedor\u00eda ou a vida.<br \/>\n&#8211; COTA DE PARTICIPACI\u00d3N: 30 \u20ac mensuais<br \/>\n&#8211; ORGANIZA: Nova Acr\u00f3pole Vigo<br \/>\n&#8211; DIRECCI\u00d3N: Avda. Gran V\u00eda, 2 -3\u00ba E. Vigo<\/p>\n<p><em>M\u00e1s Informaci\u00f3n: 620 972 419<\/em><br \/>\nNon se requiren co\u00f1ecementos previos en Filosof\u00eda.<\/p>\n<\/div><\/div><\/div><\/div><\/div>\n","protected":false},"excerpt":{"rendered":"","protected":false},"author":2,"featured_media":8197,"comment_status":"open","ping_status":"open","sticky":false,"template":"","format":"standard","meta":{"footnotes":""},"categories":[10,22],"tags":[],"class_list":["post-8237","post","type-post","status-publish","format-standard","has-post-thumbnail","hentry","category-actividades-gal","category-cursos-e-obradoiros"],"_links":{"self":[{"href":"https:\/\/espaciogranvia.org\/gal\/wp-json\/wp\/v2\/posts\/8237","targetHints":{"allow":["GET"]}}],"collection":[{"href":"https:\/\/espaciogranvia.org\/gal\/wp-json\/wp\/v2\/posts"}],"about":[{"href":"https:\/\/espaciogranvia.org\/gal\/wp-json\/wp\/v2\/types\/post"}],"author":[{"embeddable":true,"href":"https:\/\/espaciogranvia.org\/gal\/wp-json\/wp\/v2\/users\/2"}],"replies":[{"embeddable":true,"href":"https:\/\/espaciogranvia.org\/gal\/wp-json\/wp\/v2\/comments?post=8237"}],"version-history":[{"count":2,"href":"https:\/\/espaciogranvia.org\/gal\/wp-json\/wp\/v2\/posts\/8237\/revisions"}],"predecessor-version":[{"id":8239,"href":"https:\/\/espaciogranvia.org\/gal\/wp-json\/wp\/v2\/posts\/8237\/revisions\/8239"}],"wp:featuredmedia":[{"embeddable":true,"href":"https:\/\/espaciogranvia.org\/gal\/wp-json\/wp\/v2\/media\/8197"}],"wp:attachment":[{"href":"https:\/\/espaciogranvia.org\/gal\/wp-json\/wp\/v2\/media?parent=8237"}],"wp:term":[{"taxonomy":"category","embeddable":true,"href":"https:\/\/espaciogranvia.org\/gal\/wp-json\/wp\/v2\/categories?post=8237"},{"taxonomy":"post_tag","embeddable":true,"href":"https:\/\/espaciogranvia.org\/gal\/wp-json\/wp\/v2\/tags?post=8237"}],"curies":[{"name":"wp","href":"https:\/\/api.w.org\/{rel}","templated":true}]}}