{"id":8291,"date":"2025-02-24T18:26:35","date_gmt":"2025-02-24T17:26:35","guid":{"rendered":"https:\/\/espaciogranvia.org\/?p=8291"},"modified":"2025-03-16T22:58:23","modified_gmt":"2025-03-16T21:58:23","slug":"charla-coloquio-lao-tse-la-filosofia-del-tao","status":"publish","type":"post","link":"https:\/\/espaciogranvia.org\/gal\/charla-coloquio-lao-tse-la-filosofia-del-tao\/","title":{"rendered":"Charla-coloquio: LAO TSE, LA FILOSOF\u00cdA DEL TAO."},"content":{"rendered":"<div class=\"fusion-fullwidth fullwidth-box fusion-builder-row-1 fusion-flex-container nonhundred-percent-fullwidth non-hundred-percent-height-scrolling\" style=\"--awb-border-radius-top-left:0px;--awb-border-radius-top-right:0px;--awb-border-radius-bottom-right:0px;--awb-border-radius-bottom-left:0px;--awb-flex-wrap:wrap;\" ><div class=\"fusion-builder-row fusion-row fusion-flex-align-items-flex-start fusion-flex-content-wrap\" style=\"max-width:1248px;margin-left: calc(-4% \/ 2 );margin-right: calc(-4% \/ 2 );\"><div class=\"fusion-layout-column fusion_builder_column fusion-builder-column-0 fusion_builder_column_1_1 1_1 fusion-flex-column\" style=\"--awb-bg-size:cover;--awb-width-large:100%;--awb-margin-top-large:0px;--awb-spacing-right-large:1.92%;--awb-margin-bottom-large:0px;--awb-spacing-left-large:1.92%;--awb-width-medium:100%;--awb-spacing-right-medium:1.92%;--awb-spacing-left-medium:1.92%;--awb-width-small:100%;--awb-spacing-right-small:1.92%;--awb-spacing-left-small:1.92%;\"><div class=\"fusion-column-wrapper fusion-flex-justify-content-flex-start fusion-content-layout-column\"><div class=\"fusion-text fusion-text-1\"><p><span style=\"color: #000000;\"><strong>Viernes 14 de marzo &#8211; 19:30 h.<\/strong><\/span><\/p>\n<p><em>Consigue tu entrada gratuita*:<\/em> <a href=\"https:\/\/bit.ly\/41mEpYG\">https:\/\/bit.ly\/41mEpYG<\/a><br \/>\n<em>*Aportaci\u00f3n voluntaria de un kilo de alimento no perecedero para el proyecto de voluntariado &#8220;1 kg de sonrisas&#8221;.<\/em><\/p>\n<p>Descubre c\u00f3mo puedes integrar los principios del Tao en tu d\u00eda a d\u00eda para alcanzar una vida m\u00e1s plena y equilibrada.<\/p>\n<p>Ad\u00e9ntrate en el coraz\u00f3n de la sabidur\u00eda oriental con nuestra conferencia<strong> &#8220;Lao Tse, la filosof\u00eda del Tao&#8221;<\/strong>.<\/p>\n<p>A trav\u00e9s de las ense\u00f1anzas del Tao Te King, la obra cumbre de Lao Tse, descubriremos los principios fundamentales del Tao, el camino que rige el universo y que nos invita a vivir en armon\u00eda con la naturaleza y con nosotros mismos.<\/p>\n<p>\ud83d\udc81\ud83c\udffb\u200d\u2642\ufe0fEn esta conferencia, exploraremos:<br \/>\n&#8211; Los or\u00edgenes y el significado del Tao : \u00bfQu\u00e9 es el Tao? \u00bfC\u00f3mo se manifiesta en el mundo que nos rodea?<br \/>\n&#8211; Las ense\u00f1anzas del Tao Te King : Analizaremos los conceptos clave de esta obra milenaria, como el <em>Wu Wei<\/em> (la acci\u00f3n sin esfuerzo), el <em>Yin<\/em> y el <em>Yang<\/em>, y la importancia de la humildad y la sencillez.<br \/>\n&#8211; La aplicaci\u00f3n del Tao en la vida cotidiana : Descubre c\u00f3mo puedes integrar los principios del Tao en tu d\u00eda a d\u00eda para alcanzar una vida m\u00e1s plena y equilibrada.<br \/>\n&#8211; El legado de Lao Tse : Reflexionaremos sobre la influencia de Lao Tse y su filosof\u00eda en la cultura china y en el pensamiento occidental.<\/p>\n<p>Esta conferencia est\u00e1 dirigida a todas aquellas personas interesadas en la filosof\u00eda oriental, el crecimiento personal y la b\u00fasqueda de un sentido m\u00e1s profundo en la vida. No se requieren conocimientos previos.<br \/>\n\u00a1Te esperamos para explorar juntos el Tao y descubrir la sabidur\u00eda de Lao Tse!<\/p>\n<\/div><\/div><\/div><\/div><\/div>\n","protected":false},"excerpt":{"rendered":"","protected":false},"author":2,"featured_media":8292,"comment_status":"open","ping_status":"open","sticky":false,"template":"","format":"standard","meta":{"footnotes":""},"categories":[3,8,30],"tags":[],"class_list":["post-8291","post","type-post","status-publish","format-standard","has-post-thumbnail","hentry","category-actividades","category-conferencias","category-filosofos-del-mundo"],"_links":{"self":[{"href":"https:\/\/espaciogranvia.org\/gal\/wp-json\/wp\/v2\/posts\/8291","targetHints":{"allow":["GET"]}}],"collection":[{"href":"https:\/\/espaciogranvia.org\/gal\/wp-json\/wp\/v2\/posts"}],"about":[{"href":"https:\/\/espaciogranvia.org\/gal\/wp-json\/wp\/v2\/types\/post"}],"author":[{"embeddable":true,"href":"https:\/\/espaciogranvia.org\/gal\/wp-json\/wp\/v2\/users\/2"}],"replies":[{"embeddable":true,"href":"https:\/\/espaciogranvia.org\/gal\/wp-json\/wp\/v2\/comments?post=8291"}],"version-history":[{"count":3,"href":"https:\/\/espaciogranvia.org\/gal\/wp-json\/wp\/v2\/posts\/8291\/revisions"}],"predecessor-version":[{"id":8337,"href":"https:\/\/espaciogranvia.org\/gal\/wp-json\/wp\/v2\/posts\/8291\/revisions\/8337"}],"wp:featuredmedia":[{"embeddable":true,"href":"https:\/\/espaciogranvia.org\/gal\/wp-json\/wp\/v2\/media\/8292"}],"wp:attachment":[{"href":"https:\/\/espaciogranvia.org\/gal\/wp-json\/wp\/v2\/media?parent=8291"}],"wp:term":[{"taxonomy":"category","embeddable":true,"href":"https:\/\/espaciogranvia.org\/gal\/wp-json\/wp\/v2\/categories?post=8291"},{"taxonomy":"post_tag","embeddable":true,"href":"https:\/\/espaciogranvia.org\/gal\/wp-json\/wp\/v2\/tags?post=8291"}],"curies":[{"name":"wp","href":"https:\/\/api.w.org\/{rel}","templated":true}]}}