{"id":8338,"date":"2025-03-16T23:11:34","date_gmt":"2025-03-16T22:11:34","guid":{"rendered":"https:\/\/espaciogranvia.org\/?p=8338"},"modified":"2025-04-12T01:53:47","modified_gmt":"2025-04-11T23:53:47","slug":"charla-socrates-el-arte-de-la-filosofia-callejera","status":"publish","type":"post","link":"https:\/\/espaciogranvia.org\/gal\/charla-socrates-el-arte-de-la-filosofia-callejera\/","title":{"rendered":"Charla: &#8220;S\u00d3CRATES, el arte de la filosof\u00eda callejera&#8221;."},"content":{"rendered":"<div class=\"fusion-fullwidth fullwidth-box fusion-builder-row-1 fusion-flex-container nonhundred-percent-fullwidth non-hundred-percent-height-scrolling\" style=\"--awb-border-radius-top-left:0px;--awb-border-radius-top-right:0px;--awb-border-radius-bottom-right:0px;--awb-border-radius-bottom-left:0px;--awb-flex-wrap:wrap;\" ><div class=\"fusion-builder-row fusion-row fusion-flex-align-items-flex-start fusion-flex-content-wrap\" style=\"max-width:1248px;margin-left: calc(-4% \/ 2 );margin-right: calc(-4% \/ 2 );\"><div class=\"fusion-layout-column fusion_builder_column fusion-builder-column-0 fusion_builder_column_1_1 1_1 fusion-flex-column\" style=\"--awb-bg-size:cover;--awb-width-large:100%;--awb-margin-top-large:0px;--awb-spacing-right-large:1.92%;--awb-margin-bottom-large:0px;--awb-spacing-left-large:1.92%;--awb-width-medium:100%;--awb-spacing-right-medium:1.92%;--awb-spacing-left-medium:1.92%;--awb-width-small:100%;--awb-spacing-right-small:1.92%;--awb-spacing-left-small:1.92%;\"><div class=\"fusion-column-wrapper fusion-flex-justify-content-flex-start fusion-content-layout-column\"><div class=\"fusion-text fusion-text-1\"><p><span style=\"color: #000000;\"><strong>Viernes 11 de abril &#8212; 19:30 h<\/strong>.<\/span>\u00a0 \u00a0 \u00a0 \u00a0 \u00a0 \u00a0 \u00a0 \u00a0 \u00a0 \u00a0 \u00a0 \u00a0 \u00a0en Avda. Gran V\u00eda, 3\u00ba Iz. &#8211; Vigo.<\/p>\n<p><em>Consigue tu entrada gratuita*:<\/em> <a href=\"https:\/\/bit.ly\/4itJofI\">https:\/\/bit.ly\/4itJofI<\/a><\/p>\n<p><em>*Aportaci\u00f3n voluntaria de un kilo de alimento no perecedero para el proyecto de voluntariado \u00ab1 kg de sonrisas\u00bb.<\/em><\/p>\n<p>\ud83d\udc81\ud83c\udffb\u200d\u2642\ufe0f Acomp\u00e1\u00f1anos en un viaje a la antigua Atenas y descubre c\u00f3mo S\u00f3crates transform\u00f3 las calles en un aula.<\/p>\n<p>\ud83e\udd14 \u00bfCu\u00e1l era el secreto de <strong>S\u00f3crates<\/strong> para cautivar a los atenienses con sus conversaciones? \u00bfC\u00f3mo logr\u00f3 transformar las calles en un escenario para el debate filos\u00f3fico? Sum\u00e9rgete en el enigma de S\u00f3crates y descubre <strong>&#8220;el arte de la filosof\u00eda callejera&#8221;<\/strong>, una forma de pensar que sigue inspirando a generaciones.<\/p>\n<p>\ud83e\udd17 \u00a1Te esperamos para desentra\u00f1ar los misterios de este fil\u00f3sofo legendario!<\/p>\n<\/div><\/div><\/div><\/div><\/div>\n","protected":false},"excerpt":{"rendered":"","protected":false},"author":2,"featured_media":8339,"comment_status":"open","ping_status":"open","sticky":false,"template":"","format":"standard","meta":{"footnotes":""},"categories":[3,8,30],"tags":[],"class_list":["post-8338","post","type-post","status-publish","format-standard","has-post-thumbnail","hentry","category-actividades","category-conferencias","category-filosofos-del-mundo"],"_links":{"self":[{"href":"https:\/\/espaciogranvia.org\/gal\/wp-json\/wp\/v2\/posts\/8338","targetHints":{"allow":["GET"]}}],"collection":[{"href":"https:\/\/espaciogranvia.org\/gal\/wp-json\/wp\/v2\/posts"}],"about":[{"href":"https:\/\/espaciogranvia.org\/gal\/wp-json\/wp\/v2\/types\/post"}],"author":[{"embeddable":true,"href":"https:\/\/espaciogranvia.org\/gal\/wp-json\/wp\/v2\/users\/2"}],"replies":[{"embeddable":true,"href":"https:\/\/espaciogranvia.org\/gal\/wp-json\/wp\/v2\/comments?post=8338"}],"version-history":[{"count":5,"href":"https:\/\/espaciogranvia.org\/gal\/wp-json\/wp\/v2\/posts\/8338\/revisions"}],"predecessor-version":[{"id":8384,"href":"https:\/\/espaciogranvia.org\/gal\/wp-json\/wp\/v2\/posts\/8338\/revisions\/8384"}],"wp:featuredmedia":[{"embeddable":true,"href":"https:\/\/espaciogranvia.org\/gal\/wp-json\/wp\/v2\/media\/8339"}],"wp:attachment":[{"href":"https:\/\/espaciogranvia.org\/gal\/wp-json\/wp\/v2\/media?parent=8338"}],"wp:term":[{"taxonomy":"category","embeddable":true,"href":"https:\/\/espaciogranvia.org\/gal\/wp-json\/wp\/v2\/categories?post=8338"},{"taxonomy":"post_tag","embeddable":true,"href":"https:\/\/espaciogranvia.org\/gal\/wp-json\/wp\/v2\/tags?post=8338"}],"curies":[{"name":"wp","href":"https:\/\/api.w.org\/{rel}","templated":true}]}}