{"id":8390,"date":"2025-04-02T20:37:29","date_gmt":"2025-04-02T18:37:29","guid":{"rendered":"https:\/\/espaciogranvia.org\/voluntariado-ecoloxico-limpar-paseando-e-celebrando-o-dia-mundial-da-terra\/"},"modified":"2025-04-12T02:21:28","modified_gmt":"2025-04-12T00:21:28","slug":"voluntariado-ecoloxico-limpar-paseando-e-celebrando-o-dia-mundial-da-terra","status":"publish","type":"post","link":"https:\/\/espaciogranvia.org\/gal\/voluntariado-ecoloxico-limpar-paseando-e-celebrando-o-dia-mundial-da-terra\/","title":{"rendered":"Voluntariado ecol\u00f3xico: LIMPAR PASEANDO&#8230; e celebrando o D\u00eda Mundial da Terra."},"content":{"rendered":"<div class=\"fusion-fullwidth fullwidth-box fusion-builder-row-1 fusion-flex-container nonhundred-percent-fullwidth non-hundred-percent-height-scrolling\" style=\"--awb-border-radius-top-left:0px;--awb-border-radius-top-right:0px;--awb-border-radius-bottom-right:0px;--awb-border-radius-bottom-left:0px;--awb-flex-wrap:wrap;\" ><div class=\"fusion-builder-row fusion-row fusion-flex-align-items-flex-start fusion-flex-content-wrap\" style=\"max-width:1248px;margin-left: calc(-4% \/ 2 );margin-right: calc(-4% \/ 2 );\"><div class=\"fusion-layout-column fusion_builder_column fusion-builder-column-0 fusion_builder_column_1_1 1_1 fusion-flex-column\" style=\"--awb-bg-size:cover;--awb-width-large:100%;--awb-margin-top-large:0px;--awb-spacing-right-large:1.92%;--awb-margin-bottom-large:0px;--awb-spacing-left-large:1.92%;--awb-width-medium:100%;--awb-spacing-right-medium:1.92%;--awb-spacing-left-medium:1.92%;--awb-width-small:100%;--awb-spacing-right-small:1.92%;--awb-spacing-left-small:1.92%;\"><div class=\"fusion-column-wrapper fusion-flex-justify-content-flex-start fusion-content-layout-column\"><div class=\"fusion-text fusion-text-1\"><p><span style=\"color: #ff0000;\"><strong>S\u00e1bado 12 de abril, de 9:00 a 13:00.<\/strong><\/span><\/p>\n<p>\u00daneche a &#8220;Limpar paseando&#8221;: Voluntariado ecol\u00f3xico no paseo do rio Lagares (tramo Castrelos &#8211; nacemento).<\/p>\n<p><em>Consegue a t\u00faa entrada gratu\u00edta<\/em>: <a href=\"https:\/\/bit.ly\/423XC0e\">https:\/\/bit.ly\/423XC0e<\/a><br \/>ou por WhatsApp: <em>620 97 24 19<\/em><\/p>\n<p>\u00daneche a n\u00f3s <strong>para celebrar o <em>D\u00eda Mundial da Terra<\/em><\/strong> cunha acci\u00f3n que marca a diferenza! Convid\u00e1mosche a participar no noso voluntariado ecol\u00f3xico &#8221; LIMPAR PASEANDO &#8221; ao longo do fermoso r\u00edo Lagares, desde Castrelos ata o seu nacemento.<\/p>\n<p><em>Que faremos?<\/em><br \/>-Percorreremos o carreiro do r\u00edo Lagares, gozando da s\u00faa beleza natural mentres recollemos residuos e lixo.<br \/>-Contribuiremos \u00e1 conservaci\u00f3n deste valioso ecosistema fluvial.<br \/>-Promoveremos a conciencia ambiental e a importancia do coidado dos nosos r\u00edos.<\/p>\n<p><em>Por que unirche?<\/em><br \/>&#8211; Marca a diferenza: A t\u00faa participaci\u00f3n ter\u00e1 un impacto directo na limpeza e sa\u00fade do r\u00edo Lagares.<br \/>&#8211; Conecta coa natureza: Goza dun agradable paseo nunha contorna natural \u00fanica.<br \/>&#8211; \u00daneche a unha comunidade: Co\u00f1ece a persoas con intereses similares e comparte a satisfacci\u00f3n de contribu\u00edr a un ben com\u00fan.<br \/>&#8211; Aprende e crece: Descobre a importancia da reciclaxe e o coidado do medio ambiente.<br \/>&#8211; Sente a satisfacci\u00f3n: Experimenta a alegr\u00eda de facer algo positivo pola t\u00faa cidade e o planeta.<br \/><em>Informaci\u00f3n importante:<\/em><br \/><strong>Lugar:<\/strong> Carreiro do r\u00edo Lagares, desde Castrelos ata o seu nacemento.<\/p>\n<p><em>Que necesitas?<\/em><br \/>-Moitas ganas de coidar o noso planeta.<br \/>-Roupa e calzado c\u00f3modos.<br \/>-Auga e algo de comida para picar.<br \/>-Luvas (se os tes)<br \/>-Chubasqueiro.<\/p>\n<p>Non perdas esta oportunidade de ser parte do cambio! Xuntos podemos facer do r\u00edo Lagares un lugar m\u00e1is limpo e saudable para todos.<\/p>\n<\/div><\/div><\/div><\/div><\/div>\n","protected":false},"excerpt":{"rendered":"","protected":false},"author":2,"featured_media":8307,"comment_status":"open","ping_status":"open","sticky":false,"template":"","format":"standard","meta":{"footnotes":""},"categories":[10,13],"tags":[],"class_list":["post-8390","post","type-post","status-publish","format-standard","has-post-thumbnail","hentry","category-actividades-gal","category-sendeirismo"],"_links":{"self":[{"href":"https:\/\/espaciogranvia.org\/gal\/wp-json\/wp\/v2\/posts\/8390","targetHints":{"allow":["GET"]}}],"collection":[{"href":"https:\/\/espaciogranvia.org\/gal\/wp-json\/wp\/v2\/posts"}],"about":[{"href":"https:\/\/espaciogranvia.org\/gal\/wp-json\/wp\/v2\/types\/post"}],"author":[{"embeddable":true,"href":"https:\/\/espaciogranvia.org\/gal\/wp-json\/wp\/v2\/users\/2"}],"replies":[{"embeddable":true,"href":"https:\/\/espaciogranvia.org\/gal\/wp-json\/wp\/v2\/comments?post=8390"}],"version-history":[{"count":2,"href":"https:\/\/espaciogranvia.org\/gal\/wp-json\/wp\/v2\/posts\/8390\/revisions"}],"predecessor-version":[{"id":8392,"href":"https:\/\/espaciogranvia.org\/gal\/wp-json\/wp\/v2\/posts\/8390\/revisions\/8392"}],"wp:featuredmedia":[{"embeddable":true,"href":"https:\/\/espaciogranvia.org\/gal\/wp-json\/wp\/v2\/media\/8307"}],"wp:attachment":[{"href":"https:\/\/espaciogranvia.org\/gal\/wp-json\/wp\/v2\/media?parent=8390"}],"wp:term":[{"taxonomy":"category","embeddable":true,"href":"https:\/\/espaciogranvia.org\/gal\/wp-json\/wp\/v2\/categories?post=8390"},{"taxonomy":"post_tag","embeddable":true,"href":"https:\/\/espaciogranvia.org\/gal\/wp-json\/wp\/v2\/tags?post=8390"}],"curies":[{"name":"wp","href":"https:\/\/api.w.org\/{rel}","templated":true}]}}