{"id":8477,"date":"2025-05-30T19:00:23","date_gmt":"2025-05-30T17:00:23","guid":{"rendered":"https:\/\/espaciogranvia.org\/?p=8477"},"modified":"2025-07-08T22:36:38","modified_gmt":"2025-07-08T20:36:38","slug":"charla-el-umbral-de-la-vida-conversando-sobre-las-ecm","status":"publish","type":"post","link":"https:\/\/espaciogranvia.org\/gal\/charla-el-umbral-de-la-vida-conversando-sobre-las-ecm\/","title":{"rendered":"Charla: &#8220;El Umbral de la Vida: conversando sobre las ECM&#8221;"},"content":{"rendered":"<div class=\"fusion-fullwidth fullwidth-box fusion-builder-row-1 fusion-flex-container nonhundred-percent-fullwidth non-hundred-percent-height-scrolling\" style=\"--awb-border-radius-top-left:0px;--awb-border-radius-top-right:0px;--awb-border-radius-bottom-right:0px;--awb-border-radius-bottom-left:0px;--awb-flex-wrap:wrap;\" ><div class=\"fusion-builder-row fusion-row fusion-flex-align-items-flex-start fusion-flex-content-wrap\" style=\"max-width:1248px;margin-left: calc(-4% \/ 2 );margin-right: calc(-4% \/ 2 );\"><div class=\"fusion-layout-column fusion_builder_column fusion-builder-column-0 fusion_builder_column_1_1 1_1 fusion-flex-column\" style=\"--awb-bg-size:cover;--awb-width-large:100%;--awb-margin-top-large:0px;--awb-spacing-right-large:1.92%;--awb-margin-bottom-large:0px;--awb-spacing-left-large:1.92%;--awb-width-medium:100%;--awb-spacing-right-medium:1.92%;--awb-spacing-left-medium:1.92%;--awb-width-small:100%;--awb-spacing-right-small:1.92%;--awb-spacing-left-small:1.92%;\"><div class=\"fusion-column-wrapper fusion-flex-justify-content-flex-start fusion-content-layout-column\"><div class=\"fusion-text fusion-text-1\"><div><span style=\"color: #ff0000;\"><strong><span style=\"color: #000000;\">Viernes 4 de julio &#8212; 19:30 h.<\/span><\/strong><\/span><\/div>\n<div><em>Consigue tu entrada gratuita*:<\/em><\/div>\n<div><a href=\"https:\/\/bit.ly\/4mJ1TQ4\">https:\/\/bit.ly\/4mJ1TQ4<\/a><em><br \/>\no por whatsapp: 620 972 419<\/em><\/div>\n<div><\/div>\n<div class=\"xdj266r x11i5rnm xat24cr x1mh8g0r x1vvkbs\">\u00bfQu\u00e9 ocurre cuando la vida parece desvanecerse y, sin embargo, regresamos? \u00bfExisten realmente las Experiencias Cercanas a la Muerte (ECM)?<\/div>\n<div class=\"x11i5rnm xat24cr x1mh8g0r x1vvkbs xtlvy1s\">\u00bfQu\u00e9 nos revelan las ECM sobre la conciencia, la existencia y el misterio que nos rodea?<br class=\"html-br\" \/>Te invitamos a una fascinante charla-coloquio: &#8220;El Umbral de la Vida: Conversando sobre las Experiencias Cercanas a la Muerte&#8221; . En este encuentro, profundizaremos en estas impactantes vivencias que miles de personas en todo el mundo han reportado, explorando sus implicaciones desde diversas perspectivas.<br class=\"html-br\" \/>Tendremos la oportunidad de abrir un di\u00e1logo sobre los aspectos psicol\u00f3gicos, filos\u00f3ficos y espirituales de las ECM. Abordaremos preguntas clave: \u00bfSon alucinaciones? \u00bfSon una prueba de vida despu\u00e9s de la muerte? \u00bfO quiz\u00e1s nos ofrecen una nueva comprensi\u00f3n de nuestra propia mente y del universo?<br class=\"html-br\" \/>Esta es una oportunidad \u00fanica para reflexionar, compartir y aprender en un ambiente de respeto y curiosidad. Esta charla-coloquio est\u00e1 dise\u00f1ada para todos aquellos que deseen explorar uno de los fen\u00f3menos m\u00e1s enigm\u00e1ticos de la existencia humana.<br class=\"html-br\" \/>\u00a1No te pierdas esta enriquecedora conversaci\u00f3n!&#8217;<\/div>\n<div><\/div>\n<div><em>*Aportaci\u00f3n voluntaria de un kilo de alimento no perecedero para el proyecto de voluntariado \u00ab1 kg de sonrisas\u00bb.<\/em><\/div>\n<\/div><\/div><\/div><\/div><\/div>\n","protected":false},"excerpt":{"rendered":"","protected":false},"author":2,"featured_media":8478,"comment_status":"open","ping_status":"open","sticky":false,"template":"","format":"standard","meta":{"footnotes":""},"categories":[3,8],"tags":[],"class_list":["post-8477","post","type-post","status-publish","format-standard","has-post-thumbnail","hentry","category-actividades","category-conferencias"],"_links":{"self":[{"href":"https:\/\/espaciogranvia.org\/gal\/wp-json\/wp\/v2\/posts\/8477","targetHints":{"allow":["GET"]}}],"collection":[{"href":"https:\/\/espaciogranvia.org\/gal\/wp-json\/wp\/v2\/posts"}],"about":[{"href":"https:\/\/espaciogranvia.org\/gal\/wp-json\/wp\/v2\/types\/post"}],"author":[{"embeddable":true,"href":"https:\/\/espaciogranvia.org\/gal\/wp-json\/wp\/v2\/users\/2"}],"replies":[{"embeddable":true,"href":"https:\/\/espaciogranvia.org\/gal\/wp-json\/wp\/v2\/comments?post=8477"}],"version-history":[{"count":5,"href":"https:\/\/espaciogranvia.org\/gal\/wp-json\/wp\/v2\/posts\/8477\/revisions"}],"predecessor-version":[{"id":8555,"href":"https:\/\/espaciogranvia.org\/gal\/wp-json\/wp\/v2\/posts\/8477\/revisions\/8555"}],"wp:featuredmedia":[{"embeddable":true,"href":"https:\/\/espaciogranvia.org\/gal\/wp-json\/wp\/v2\/media\/8478"}],"wp:attachment":[{"href":"https:\/\/espaciogranvia.org\/gal\/wp-json\/wp\/v2\/media?parent=8477"}],"wp:term":[{"taxonomy":"category","embeddable":true,"href":"https:\/\/espaciogranvia.org\/gal\/wp-json\/wp\/v2\/categories?post=8477"},{"taxonomy":"post_tag","embeddable":true,"href":"https:\/\/espaciogranvia.org\/gal\/wp-json\/wp\/v2\/tags?post=8477"}],"curies":[{"name":"wp","href":"https:\/\/api.w.org\/{rel}","templated":true}]}}