{"id":8534,"date":"2025-06-03T01:57:02","date_gmt":"2025-06-02T23:57:02","guid":{"rendered":"https:\/\/espaciogranvia.org\/audicion-comentada-a-pantasma-da-opera-de-a-lloyd-webber\/"},"modified":"2025-06-24T21:57:30","modified_gmt":"2025-06-24T19:57:30","slug":"audicion-comentada-a-pantasma-da-opera-de-a-lloyd-webber","status":"publish","type":"post","link":"https:\/\/espaciogranvia.org\/gal\/audicion-comentada-a-pantasma-da-opera-de-a-lloyd-webber\/","title":{"rendered":"Audici\u00f3n comentada: A PANTASMA DA \u00d3PERA, de A.Lloyd Webber."},"content":{"rendered":"<div class=\"fusion-fullwidth fullwidth-box fusion-builder-row-1 fusion-flex-container nonhundred-percent-fullwidth non-hundred-percent-height-scrolling\" style=\"--awb-border-radius-top-left:0px;--awb-border-radius-top-right:0px;--awb-border-radius-bottom-right:0px;--awb-border-radius-bottom-left:0px;--awb-flex-wrap:wrap;\" ><div class=\"fusion-builder-row fusion-row fusion-flex-align-items-flex-start fusion-flex-content-wrap\" style=\"max-width:1248px;margin-left: calc(-4% \/ 2 );margin-right: calc(-4% \/ 2 );\"><div class=\"fusion-layout-column fusion_builder_column fusion-builder-column-0 fusion_builder_column_1_1 1_1 fusion-flex-column\" style=\"--awb-bg-size:cover;--awb-width-large:100%;--awb-margin-top-large:0px;--awb-spacing-right-large:1.92%;--awb-margin-bottom-large:0px;--awb-spacing-left-large:1.92%;--awb-width-medium:100%;--awb-spacing-right-medium:1.92%;--awb-spacing-left-medium:1.92%;--awb-width-small:100%;--awb-spacing-right-small:1.92%;--awb-spacing-left-small:1.92%;\"><div class=\"fusion-column-wrapper fusion-flex-justify-content-flex-start fusion-content-layout-column\"><div class=\"fusion-text fusion-text-1\"><p><strong><span style=\"color: #ff0000;\">Venres 27 de xu\u00f1o &#8212; 19:30 h.<\/span><\/strong><\/p>\n<p><em>Consegue a tua entrada gratu\u00edta:<\/em> <a href=\"https:\/\/bit.ly\/45w5vif\">https:\/\/bit.ly\/45w5vif<\/a><br \/>ou por whattsapp: <em>620 972 419<\/em><\/p>\n<p>Merg\u00fallache no misterio de &#8220;A Pantasma da \u00d3pera&#8221;.<br \/>Convid\u00e1mosche a unha audici\u00f3n comentada exclusiva dunha das obras m\u00e1is emblem\u00e1ticas da historia do teatro musical: &#8220;A Pantasma da \u00d3pera&#8221;.<\/p>\n<p>Nesta sesi\u00f3n \u00fanica, non s\u00f3 escoitar\u00e1s as belas melod\u00edas de Andrew Lloyd Webber, sen\u00f3n que tam\u00e9n desentra\u00f1aremos os misterios da s\u00faa creaci\u00f3n, o seu impacto cultural e as curiosidades que a fan tan especial. Guiados por un experto, exploraremos:<\/p>\n<p>&#8211; As orixes da lenda: De onde xurdiu a inspiraci\u00f3n para esta historia atemporal?<br \/>&#8211; An\u00e1lise musical: Descobre os motivos, as harmon\u00edas e as t\u00e9cnicas que fan da s\u00faa banda sonora unha obra mestra.<br \/>&#8211; Simbolismo e personaxes: Profunda na psicolox\u00eda dos seus protagonistas e o significado oculto dos elementos esc\u00e9nicos.<br \/>&#8211; Curiosidades e an\u00e9cdotas: Co\u00f1ece detalles fascinantes sobre a s\u00faa produci\u00f3n, adaptaci\u00f3ns e o legado que deixou no mundo.<\/p>\n<p>Esta audici\u00f3n comentada \u00e9 unha oportunidade inmellorable para enriquecer a t\u00faa apreciaci\u00f3n por esta obra mestra, xa sexas un admirador de toda a vida ou algu\u00e9n que se achega a ela por primeira vez.<\/p>\n<p>Non deixes que o misterio quede na \u00f3pera! Reserva xa a t\u00faa praza e prep\u00e1rache para unha velada inesquecible.<\/p>\n<\/div><\/div><\/div><\/div><\/div>\n","protected":false},"excerpt":{"rendered":"","protected":false},"author":2,"featured_media":8488,"comment_status":"open","ping_status":"open","sticky":false,"template":"","format":"standard","meta":{"footnotes":""},"categories":[10,11],"tags":[],"class_list":["post-8534","post","type-post","status-publish","format-standard","has-post-thumbnail","hentry","category-actividades-gal","category-cine-forum-gal"],"_links":{"self":[{"href":"https:\/\/espaciogranvia.org\/gal\/wp-json\/wp\/v2\/posts\/8534","targetHints":{"allow":["GET"]}}],"collection":[{"href":"https:\/\/espaciogranvia.org\/gal\/wp-json\/wp\/v2\/posts"}],"about":[{"href":"https:\/\/espaciogranvia.org\/gal\/wp-json\/wp\/v2\/types\/post"}],"author":[{"embeddable":true,"href":"https:\/\/espaciogranvia.org\/gal\/wp-json\/wp\/v2\/users\/2"}],"replies":[{"embeddable":true,"href":"https:\/\/espaciogranvia.org\/gal\/wp-json\/wp\/v2\/comments?post=8534"}],"version-history":[{"count":2,"href":"https:\/\/espaciogranvia.org\/gal\/wp-json\/wp\/v2\/posts\/8534\/revisions"}],"predecessor-version":[{"id":8536,"href":"https:\/\/espaciogranvia.org\/gal\/wp-json\/wp\/v2\/posts\/8534\/revisions\/8536"}],"wp:featuredmedia":[{"embeddable":true,"href":"https:\/\/espaciogranvia.org\/gal\/wp-json\/wp\/v2\/media\/8488"}],"wp:attachment":[{"href":"https:\/\/espaciogranvia.org\/gal\/wp-json\/wp\/v2\/media?parent=8534"}],"wp:term":[{"taxonomy":"category","embeddable":true,"href":"https:\/\/espaciogranvia.org\/gal\/wp-json\/wp\/v2\/categories?post=8534"},{"taxonomy":"post_tag","embeddable":true,"href":"https:\/\/espaciogranvia.org\/gal\/wp-json\/wp\/v2\/tags?post=8534"}],"curies":[{"name":"wp","href":"https:\/\/api.w.org\/{rel}","templated":true}]}}