{"id":8562,"date":"2025-07-10T18:40:01","date_gmt":"2025-07-10T16:40:01","guid":{"rendered":"https:\/\/espaciogranvia.org\/?p=8562"},"modified":"2025-09-25T16:45:10","modified_gmt":"2025-09-25T14:45:10","slug":"curso-de-filosofia-para-vivir-2","status":"publish","type":"post","link":"https:\/\/espaciogranvia.org\/gal\/curso-de-filosofia-para-vivir-2\/","title":{"rendered":"Curso de FILOSOF\u00cdA PARA VIVIR."},"content":{"rendered":"<div class=\"fusion-fullwidth fullwidth-box fusion-builder-row-1 fusion-flex-container nonhundred-percent-fullwidth non-hundred-percent-height-scrolling\" style=\"--awb-border-radius-top-left:0px;--awb-border-radius-top-right:0px;--awb-border-radius-bottom-right:0px;--awb-border-radius-bottom-left:0px;--awb-flex-wrap:wrap;\" ><div class=\"fusion-builder-row fusion-row fusion-flex-align-items-flex-start fusion-flex-content-wrap\" style=\"max-width:1248px;margin-left: calc(-4% \/ 2 );margin-right: calc(-4% \/ 2 );\"><div class=\"fusion-layout-column fusion_builder_column fusion-builder-column-0 fusion_builder_column_1_1 1_1 fusion-flex-column\" style=\"--awb-bg-size:cover;--awb-width-large:100%;--awb-margin-top-large:0px;--awb-spacing-right-large:1.92%;--awb-margin-bottom-large:0px;--awb-spacing-left-large:1.92%;--awb-width-medium:100%;--awb-spacing-right-medium:1.92%;--awb-spacing-left-medium:1.92%;--awb-width-small:100%;--awb-spacing-right-small:1.92%;--awb-spacing-left-small:1.92%;\"><div class=\"fusion-column-wrapper fusion-flex-justify-content-flex-start fusion-content-layout-column\"><div class=\"fusion-text fusion-text-1\"><div class=\"xdj266r x14z9mp xat24cr x1lziwak x1vvkbs\"><strong><em>Inicio del curso &#8220;Filosof\u00eda para Vivir&#8221;.<\/em><\/strong><br class=\"html-br\" \/><span style=\"color: #000000;\"><strong>Mi\u00e9rcoles 24 de septiembre a las 19 h.<\/strong><\/span><\/div>\n<div class=\"x14z9mp xat24cr x1lziwak x1vvkbs xtlvy1s\"><em>Consigue tu entrada gratuita:<\/em><a href=\"https:\/\/bit.ly\/4ksKCs1\"> https:\/\/bit.ly\/4ksKCs1<\/a><br class=\"html-br\" \/>o por whatsapp:<em> 620 972 419<\/em><\/div>\n<div class=\"x14z9mp xat24cr x1lziwak x1vvkbs xtlvy1s\">\n<hr \/>\n<p>Curso <strong>Filosof\u00eda para Vivir<\/strong>:<br class=\"html-br\" \/><em>Descripci\u00f3n:<\/em><br class=\"html-br\" \/>Este curso hace un recorrido sintetizado por los conocimientos filos\u00f3ficos m\u00e1s significativos de las civilizaciones de Oriente y de Occidente.<br class=\"html-br\" \/><em>Objetivo<\/em>:<br class=\"html-br\" \/>Ser una fuente de inspiraci\u00f3n para afrontar las grandes preguntas del ser humano, con sus retos personales y colectivos.<br class=\"html-br\" \/><em>A qui\u00e9n va dirigido:<\/em><br class=\"html-br\" \/>Su forma, sencilla y profunda a la vez, permite que cualquier persona pueda seguirlo.<\/p>\n<\/div>\n<div><\/div>\n<div class=\"x14z9mp xat24cr x1lziwak x1vvkbs xtlvy1s\"><em>Temario:<\/em><\/div>\n<div class=\"x14z9mp xat24cr x1lziwak x1vvkbs xtlvy1s\"><br class=\"html-br\" \/><strong>Potenciar la \u00e9tica y los valores<\/strong><br class=\"html-br\" \/>1. Filosof\u00eda natural<br class=\"html-br\" \/>\u25cf Los siete principios de la naturaleza<br class=\"html-br\" \/>\u25cf \u00bfC\u00f3mo reconocer y desarrollar los valores humanos?<br class=\"html-br\" \/>2. El ser humano y el cosmos<br class=\"html-br\" \/>\u25cf Consecuencias de nuestras acciones<br class=\"html-br\" \/>\u25cf Dharma-Karma. Teor\u00eda de la reencarnaci\u00f3n<br class=\"html-br\" \/>3. La sabidur\u00eda de la India (2 clases)<br class=\"html-br\" \/>\u25cf Simbolismo del Bhagavad G\u00eet\u00e2<br class=\"html-br\" \/>\u25cf Planteamiento del conflicto interior<br class=\"html-br\" \/>4. Los misterios del T\u00edbet<br class=\"html-br\" \/>\u25cf Antiguos textos tibetanos: La Voz del Silencio<br class=\"html-br\" \/>\u25cf El valor de la introspecci\u00f3n y la reflexi\u00f3n<br class=\"html-br\" \/>5. Filosof\u00eda budista<br class=\"html-br\" \/>\u25cf El dolor como veh\u00edculo de conciencia<br class=\"html-br\" \/>\u25cf Las crisis: comprensi\u00f3n y superaci\u00f3n<br class=\"html-br\" \/>6. La sabidur\u00eda de China<br class=\"html-br\" \/>\u25cf Confucio y sus ense\u00f1anzas<br class=\"html-br\" \/>\u25cf La \u00e9tica en lo colectivo<br class=\"html-br\" \/>Mejorar las relaciones humanas<br class=\"html-br\" \/>7. El reto de vivir en sociedad<br class=\"html-br\" \/>\u25cf El factor humano<br class=\"html-br\" \/>\u25cf Los problemas actuales del mundo y del ser humano<br class=\"html-br\" \/>8. Plat\u00f3n<br class=\"html-br\" \/>\u25cf El Mito de la caverna: claves de interpretaci\u00f3n<br class=\"html-br\" \/>9. Arist\u00f3teles<br class=\"html-br\" \/>\u25cf La b\u00fasqueda de la felicidad<br class=\"html-br\" \/>10. Plotino y la escuela neoplat\u00f3nica<br class=\"html-br\" \/>\u25cf La escuela ecl\u00e9ctica de Alejandr\u00eda<br class=\"html-br\" \/>11. Importancia de la educaci\u00f3n<br class=\"html-br\" \/>\u25cf La ciudadan\u00eda y su protagonismo<br class=\"html-br\" \/>\u25cf Saber pensar, saber elegir<br class=\"html-br\" \/>12. Egipto<br class=\"html-br\" \/>\u25cf La regla de Maat<br class=\"html-br\" \/>\u25cf La justicia como impulso colectivo<br class=\"html-br\" \/>13. El estoicismo: Ep\u00edcteto, S\u00e9neca y Marco Aurelio<br class=\"html-br\" \/>\u25cf Roma y los ciudadanos del mundo<br class=\"html-br\" \/>Construir el futuro<br class=\"html-br\" \/>14. Filosof\u00eda de la historia<br class=\"html-br\" \/>\u25cf La experiencia como motor de futuro<br class=\"html-br\" \/>15. Importancia de la transmisi\u00f3n<br class=\"html-br\" \/>\u25cf Historia: fuentes, fundamentos y ciencias complementarias<br class=\"html-br\" \/>16. Historia y mitolog\u00eda<br class=\"html-br\" \/>\u25cf Realidad psicol\u00f3gica de los mitos<br class=\"html-br\" \/>\u25cf Propiedades de los s\u00edmbolos<br class=\"html-br\" \/>17. Los ciclos de la historia<br class=\"html-br\" \/>\u25cf El movimiento de la humanidad<br class=\"html-br\" \/>\u25cf La rueda de la historia<br class=\"html-br\" \/>18. Libertad y destino<br class=\"html-br\" \/>\u25cf Teor\u00eda hist\u00f3rica de Cicer\u00f3n<br class=\"html-br\" \/>\u25cf Los arquetipos fijos y la evoluci\u00f3n de la humanidad<br class=\"html-br\" \/>\u25cf Llegar a ser protagonistas de la historia<br class=\"html-br\" \/>\u25cf Llaves para abrir las puertas del futuro<\/div>\n<div><\/div>\n<div class=\"x14z9mp xat24cr x1lziwak x1vvkbs xtlvy1s\"><strong>Pr\u00e1cticas de psicolog\u00eda<\/strong><br class=\"html-br\" \/>El curso incluye pr\u00e1cticas de psicolog\u00eda sobre: conciencia, concentraci\u00f3n, atenci\u00f3n, memoria, h\u00e1bitos, inteligencia, imaginaci\u00f3n, voluntad\u2026<\/div>\n<div><\/div>\n<div class=\"x14z9mp xat24cr x1lziwak x1vvkbs xtlvy1s\"><em>Cuota mensual 35 \u20ac. <\/em><br class=\"html-br\" \/><em>Duraci\u00f3n: 40 horas.<\/em><br class=\"html-br\" \/><em>Metodolog\u00eda: Una clase semanal de dos horas. Un tema por clase.<\/em><\/div>\n<\/div><\/div><\/div><\/div><\/div>\n","protected":false},"excerpt":{"rendered":"","protected":false},"author":2,"featured_media":8563,"comment_status":"open","ping_status":"open","sticky":false,"template":"","format":"standard","meta":{"footnotes":""},"categories":[3,1],"tags":[],"class_list":["post-8562","post","type-post","status-publish","format-standard","has-post-thumbnail","hentry","category-actividades","category-cursos-talleres"],"_links":{"self":[{"href":"https:\/\/espaciogranvia.org\/gal\/wp-json\/wp\/v2\/posts\/8562","targetHints":{"allow":["GET"]}}],"collection":[{"href":"https:\/\/espaciogranvia.org\/gal\/wp-json\/wp\/v2\/posts"}],"about":[{"href":"https:\/\/espaciogranvia.org\/gal\/wp-json\/wp\/v2\/types\/post"}],"author":[{"embeddable":true,"href":"https:\/\/espaciogranvia.org\/gal\/wp-json\/wp\/v2\/users\/2"}],"replies":[{"embeddable":true,"href":"https:\/\/espaciogranvia.org\/gal\/wp-json\/wp\/v2\/comments?post=8562"}],"version-history":[{"count":4,"href":"https:\/\/espaciogranvia.org\/gal\/wp-json\/wp\/v2\/posts\/8562\/revisions"}],"predecessor-version":[{"id":8666,"href":"https:\/\/espaciogranvia.org\/gal\/wp-json\/wp\/v2\/posts\/8562\/revisions\/8666"}],"wp:featuredmedia":[{"embeddable":true,"href":"https:\/\/espaciogranvia.org\/gal\/wp-json\/wp\/v2\/media\/8563"}],"wp:attachment":[{"href":"https:\/\/espaciogranvia.org\/gal\/wp-json\/wp\/v2\/media?parent=8562"}],"wp:term":[{"taxonomy":"category","embeddable":true,"href":"https:\/\/espaciogranvia.org\/gal\/wp-json\/wp\/v2\/categories?post=8562"},{"taxonomy":"post_tag","embeddable":true,"href":"https:\/\/espaciogranvia.org\/gal\/wp-json\/wp\/v2\/tags?post=8562"}],"curies":[{"name":"wp","href":"https:\/\/api.w.org\/{rel}","templated":true}]}}