{"id":8572,"date":"2025-07-10T18:27:48","date_gmt":"2025-07-10T16:27:48","guid":{"rendered":"https:\/\/espaciogranvia.org\/documental-coloquio-o-misterio-dos-incas-machu-picchu-e-a-alma-dos-andes\/"},"modified":"2025-07-10T18:27:48","modified_gmt":"2025-07-10T16:27:48","slug":"documental-coloquio-o-misterio-dos-incas-machu-picchu-e-a-alma-dos-andes","status":"publish","type":"post","link":"https:\/\/espaciogranvia.org\/gal\/documental-coloquio-o-misterio-dos-incas-machu-picchu-e-a-alma-dos-andes\/","title":{"rendered":"Documental-coloquio: O MISTERIO DOS INCAS, &#8220;MACHU PICCHU&#8221; E A ALMA DOS ANDES"},"content":{"rendered":"<p><strong>Venres 18 de xullo &#8212; 19:30 h.<\/strong><br \/>\n<em>Consegue a t\u00faa entrada gratu\u00edta:<\/em> <a href=\"https:\/\/bit.ly\/4017Sq2\">https:\/\/bit.ly\/4017Sq2<\/a><br \/>\nou por whatsapp: <em>620 972 419<\/em><\/p>\n<p>Que misterios agardan entre as antigas pedras de Machu Picchu? Que susurros garda o vento no coraz\u00f3n dos Andes?<br \/>\nEmb\u00e1rcache nunha viaxe inesquecible co noso novo documental: &#8220;O misterio dos incas: Machu Picchu e a alma dos Andes&#8221; .<br \/>\nExplora a grandeza dun imperio que desafiou a raz\u00f3n e a enxe\u00f1er\u00eda, e desentra\u00f1a os enigmas dunha cultura milenaria cuxa sabedor\u00eda a\u00ednda ecoa. Desde as alturas impo\u00f1entes das s\u00faas cidadelas ata as profundidades das s\u00faas tradici\u00f3ns, este documental-coloquio mergullarache na alma dun pobo fascinante.<\/p>\n","protected":false},"excerpt":{"rendered":"<p>Venres 18 de xullo &#8212; 19:30 h. Consegue a t\u00faa entrada gratu\u00edta: https:\/\/bit.ly\/4017Sq2 ou por whatsapp: 620 972 419 Que misterios agardan entre as antigas pedras de Machu Picchu? Que susurros garda o vento no coraz\u00f3n dos Andes? Emb\u00e1rcache nunha  [&#8230;]<\/p>\n","protected":false},"author":2,"featured_media":8559,"comment_status":"open","ping_status":"open","sticky":false,"template":"","format":"standard","meta":{"footnotes":""},"categories":[10,11,12],"tags":[],"class_list":["post-8572","post","type-post","status-publish","format-standard","has-post-thumbnail","hentry","category-actividades-gal","category-cine-forum-gal","category-conferencias-gal"],"_links":{"self":[{"href":"https:\/\/espaciogranvia.org\/gal\/wp-json\/wp\/v2\/posts\/8572","targetHints":{"allow":["GET"]}}],"collection":[{"href":"https:\/\/espaciogranvia.org\/gal\/wp-json\/wp\/v2\/posts"}],"about":[{"href":"https:\/\/espaciogranvia.org\/gal\/wp-json\/wp\/v2\/types\/post"}],"author":[{"embeddable":true,"href":"https:\/\/espaciogranvia.org\/gal\/wp-json\/wp\/v2\/users\/2"}],"replies":[{"embeddable":true,"href":"https:\/\/espaciogranvia.org\/gal\/wp-json\/wp\/v2\/comments?post=8572"}],"version-history":[{"count":0,"href":"https:\/\/espaciogranvia.org\/gal\/wp-json\/wp\/v2\/posts\/8572\/revisions"}],"wp:featuredmedia":[{"embeddable":true,"href":"https:\/\/espaciogranvia.org\/gal\/wp-json\/wp\/v2\/media\/8559"}],"wp:attachment":[{"href":"https:\/\/espaciogranvia.org\/gal\/wp-json\/wp\/v2\/media?parent=8572"}],"wp:term":[{"taxonomy":"category","embeddable":true,"href":"https:\/\/espaciogranvia.org\/gal\/wp-json\/wp\/v2\/categories?post=8572"},{"taxonomy":"post_tag","embeddable":true,"href":"https:\/\/espaciogranvia.org\/gal\/wp-json\/wp\/v2\/tags?post=8572"}],"curies":[{"name":"wp","href":"https:\/\/api.w.org\/{rel}","templated":true}]}}