{"id":8630,"date":"2025-09-06T21:10:45","date_gmt":"2025-09-06T19:10:45","guid":{"rendered":"https:\/\/espaciogranvia.org\/?p=8630"},"modified":"2025-11-02T03:43:52","modified_gmt":"2025-11-02T02:43:52","slug":"encuentro-literario-el-retrato-de-dorian-gray-de-oscar-wilde","status":"publish","type":"post","link":"https:\/\/espaciogranvia.org\/gal\/encuentro-literario-el-retrato-de-dorian-gray-de-oscar-wilde\/","title":{"rendered":"Encuentro literario: EL RETRATO DE DORIAN GRAY, de Oscar Wilde."},"content":{"rendered":"<div class=\"fusion-fullwidth fullwidth-box fusion-builder-row-1 fusion-flex-container nonhundred-percent-fullwidth non-hundred-percent-height-scrolling\" style=\"--awb-border-radius-top-left:0px;--awb-border-radius-top-right:0px;--awb-border-radius-bottom-right:0px;--awb-border-radius-bottom-left:0px;--awb-flex-wrap:wrap;\" ><div class=\"fusion-builder-row fusion-row fusion-flex-align-items-flex-start fusion-flex-content-wrap\" style=\"max-width:1248px;margin-left: calc(-4% \/ 2 );margin-right: calc(-4% \/ 2 );\"><div class=\"fusion-layout-column fusion_builder_column fusion-builder-column-0 fusion_builder_column_1_1 1_1 fusion-flex-column\" style=\"--awb-bg-size:cover;--awb-width-large:100%;--awb-margin-top-large:0px;--awb-spacing-right-large:1.92%;--awb-margin-bottom-large:0px;--awb-spacing-left-large:1.92%;--awb-width-medium:100%;--awb-spacing-right-medium:1.92%;--awb-spacing-left-medium:1.92%;--awb-width-small:100%;--awb-spacing-right-small:1.92%;--awb-spacing-left-small:1.92%;\"><div class=\"fusion-column-wrapper fusion-flex-justify-content-flex-start fusion-content-layout-column\"><div class=\"fusion-text fusion-text-1\"><p><strong>Viernes 31 de octubre &#8212; 19:00<\/strong><\/p>\n<p>Entrada gratuita. Aforo limitado.<\/p>\n<p><strong><em><span class=\"a-text-bold\">Una piedra angular en los debates entre la \u00e9tica y la est\u00e9tica, en las relaciones que mantienen el bien y el mal, el alma y el cuerpo, el arte y la vida.<\/span><\/em><\/strong><\/p>\n<p>Cuando se public\u00f3 &#8220;<span class=\"a-text-italic\">El retrato de Dorian Gray&#8221; en 1891<\/span>, la cr\u00edtica moralizante acus\u00f3 a su protagonista de ser una figura sat\u00e1nica, corrompida y corruptora, sin comprender que era el h\u00e9roe de una novela que reflejaba la fatalidad de los rom\u00e1nticos: <strong>Oscar Wilde<\/strong> (1854-1900) hab\u00eda querido hacer de la belleza un refinamiento de la inteligencia; y para ello sumi\u00f3 a su protagonista en una atm\u00f3sfera de perversi\u00f3n dominada por el arte y los poderes de un misterio que est\u00e1 m\u00e1s all\u00e1 de la realidad.<\/p>\n<p>Pero el autor va m\u00e1s all\u00e1 de la simple descripci\u00f3n: incrusta a su personaje en un crimen y, como Edgar Allan Poe en sus relatos, lo rodea de un misterio que la raz\u00f3n no puede explicar.<\/p>\n<p><em>Ven y disfruta de nuestra tertulia literaria&#8230; te esperamos!\u00a0<\/em><\/p>\n<\/div><\/div><\/div><\/div><\/div>\n","protected":false},"excerpt":{"rendered":"","protected":false},"author":2,"featured_media":8631,"comment_status":"open","ping_status":"open","sticky":false,"template":"","format":"standard","meta":{"footnotes":""},"categories":[3,16],"tags":[],"class_list":["post-8630","post","type-post","status-publish","format-standard","has-post-thumbnail","hentry","category-actividades","category-club-de-lectura-valle-inclan"],"_links":{"self":[{"href":"https:\/\/espaciogranvia.org\/gal\/wp-json\/wp\/v2\/posts\/8630","targetHints":{"allow":["GET"]}}],"collection":[{"href":"https:\/\/espaciogranvia.org\/gal\/wp-json\/wp\/v2\/posts"}],"about":[{"href":"https:\/\/espaciogranvia.org\/gal\/wp-json\/wp\/v2\/types\/post"}],"author":[{"embeddable":true,"href":"https:\/\/espaciogranvia.org\/gal\/wp-json\/wp\/v2\/users\/2"}],"replies":[{"embeddable":true,"href":"https:\/\/espaciogranvia.org\/gal\/wp-json\/wp\/v2\/comments?post=8630"}],"version-history":[{"count":2,"href":"https:\/\/espaciogranvia.org\/gal\/wp-json\/wp\/v2\/posts\/8630\/revisions"}],"predecessor-version":[{"id":8689,"href":"https:\/\/espaciogranvia.org\/gal\/wp-json\/wp\/v2\/posts\/8630\/revisions\/8689"}],"wp:featuredmedia":[{"embeddable":true,"href":"https:\/\/espaciogranvia.org\/gal\/wp-json\/wp\/v2\/media\/8631"}],"wp:attachment":[{"href":"https:\/\/espaciogranvia.org\/gal\/wp-json\/wp\/v2\/media?parent=8630"}],"wp:term":[{"taxonomy":"category","embeddable":true,"href":"https:\/\/espaciogranvia.org\/gal\/wp-json\/wp\/v2\/categories?post=8630"},{"taxonomy":"post_tag","embeddable":true,"href":"https:\/\/espaciogranvia.org\/gal\/wp-json\/wp\/v2\/tags?post=8630"}],"curies":[{"name":"wp","href":"https:\/\/api.w.org\/{rel}","templated":true}]}}