{"id":8662,"date":"2025-09-25T16:43:14","date_gmt":"2025-09-25T14:43:14","guid":{"rendered":"https:\/\/espaciogranvia.org\/?p=8662"},"modified":"2025-10-03T18:04:09","modified_gmt":"2025-10-03T16:04:09","slug":"inicio-del-curso-de-filosofia-para-vivir","status":"publish","type":"post","link":"https:\/\/espaciogranvia.org\/gal\/inicio-del-curso-de-filosofia-para-vivir\/","title":{"rendered":"Inicio del CURSO DE &#8220;FILOSOF\u00cdA PARA VIVIR&#8221;."},"content":{"rendered":"<div class=\"fusion-fullwidth fullwidth-box fusion-builder-row-1 fusion-flex-container nonhundred-percent-fullwidth non-hundred-percent-height-scrolling\" style=\"--awb-border-radius-top-left:0px;--awb-border-radius-top-right:0px;--awb-border-radius-bottom-right:0px;--awb-border-radius-bottom-left:0px;--awb-flex-wrap:wrap;\" ><div class=\"fusion-builder-row fusion-row fusion-flex-align-items-flex-start fusion-flex-content-wrap\" style=\"max-width:1248px;margin-left: calc(-4% \/ 2 );margin-right: calc(-4% \/ 2 );\"><div class=\"fusion-layout-column fusion_builder_column fusion-builder-column-0 fusion_builder_column_1_1 1_1 fusion-flex-column\" style=\"--awb-bg-size:cover;--awb-width-large:100%;--awb-margin-top-large:0px;--awb-spacing-right-large:1.92%;--awb-margin-bottom-large:0px;--awb-spacing-left-large:1.92%;--awb-width-medium:100%;--awb-spacing-right-medium:1.92%;--awb-spacing-left-medium:1.92%;--awb-width-small:100%;--awb-spacing-right-small:1.92%;--awb-spacing-left-small:1.92%;\"><div class=\"fusion-column-wrapper fusion-flex-justify-content-flex-start fusion-content-layout-column\"><div class=\"fusion-text fusion-text-1\"><p>INICIO DEL CURSO DE &#8220;FILOSOF\u00cdA PARA VIVIR&#8221;.<br \/>\n<strong>MI\u00c9RCOLES 1 de octubre &#8211; 19:00<\/strong><br \/>\n<em>Consigue tu entrada gratuita:<\/em> <a href=\"https:\/\/bit.ly\/4nSYi1Y\">https:\/\/bit.ly\/4nSYi1Y<\/a><br \/>\n<em>o solicita m\u00e1s informaci\u00f3n:<\/em> <a href=\"https:\/\/bit.ly\/47WQEP5\">https:\/\/bit.ly\/47WQEP5<\/a><\/p>\n<p>\ud83d\udcad \u00bfTe gustar\u00eda vivir con m\u00e1s claridad, prop\u00f3sito y confianza?<br \/>\n<strong>Filosof\u00eda para Vivir<\/strong> es un curso presencial para quienes buscan herramientas pr\u00e1cticas para conocerse, mejorar y transformar su forma de estar en el mundo.<\/p>\n<p>\ud83d\udcda 3 m\u00f3dulos que integran las ense\u00f1anzas fundamentales de Oriente y Occidente:<br \/>\n\ud83d\udcd8 El ser humano y el universo<br \/>\n\ud83e\udd1d Filosof\u00eda y sociedad<br \/>\n\ud83c\udfdb\ufe0f Historia, destino y libertad<br \/>\nIncluye pr\u00e1cticas para mejorar la memoria, atenci\u00f3n, concentraci\u00f3n&#8230; y mucho m\u00e1s.<\/p>\n<p>\u23f3 1 clase semanal de 2 horas<br \/>\n\ud83c\udf9f\ufe0f Empieza con una clase de prueba sin coste<br \/>\n\u2728 No es solo un curso: es una experiencia que te transforma desde el interior<br \/>\n\ud83d\udc47 Comenta FILOSOF\u00cdA y te enviamos toda la info por mensaje privado<br \/>\n\ud83d\udccdDirecci\u00f3n: Avda. Gran V\u00eda, 2 &#8211; 3\u00ba E<br \/>\n\ud83d\udcc5 Fechas:<br \/>\n\ud83d\udd39Mi\u00e9rcoles 01\/10\/25 a 19 h.<br \/>\n\ud83d\udd39Martes 21\/10\/25 a 19 h.<\/p>\n<p>#CursoDeFilosof\u00eda #NuevaAcr\u00f3polis #Filosof\u00edaParaVivir #DesarrolloPersonal #Autoconocimiento #Filosof\u00edaPr\u00e1ctica<\/p>\n<\/div><\/div><\/div><\/div><\/div>\n","protected":false},"excerpt":{"rendered":"","protected":false},"author":2,"featured_media":8663,"comment_status":"open","ping_status":"open","sticky":false,"template":"","format":"standard","meta":{"footnotes":""},"categories":[3,1],"tags":[],"class_list":["post-8662","post","type-post","status-publish","format-standard","has-post-thumbnail","hentry","category-actividades","category-cursos-talleres"],"_links":{"self":[{"href":"https:\/\/espaciogranvia.org\/gal\/wp-json\/wp\/v2\/posts\/8662","targetHints":{"allow":["GET"]}}],"collection":[{"href":"https:\/\/espaciogranvia.org\/gal\/wp-json\/wp\/v2\/posts"}],"about":[{"href":"https:\/\/espaciogranvia.org\/gal\/wp-json\/wp\/v2\/types\/post"}],"author":[{"embeddable":true,"href":"https:\/\/espaciogranvia.org\/gal\/wp-json\/wp\/v2\/users\/2"}],"replies":[{"embeddable":true,"href":"https:\/\/espaciogranvia.org\/gal\/wp-json\/wp\/v2\/comments?post=8662"}],"version-history":[{"count":5,"href":"https:\/\/espaciogranvia.org\/gal\/wp-json\/wp\/v2\/posts\/8662\/revisions"}],"predecessor-version":[{"id":8687,"href":"https:\/\/espaciogranvia.org\/gal\/wp-json\/wp\/v2\/posts\/8662\/revisions\/8687"}],"wp:featuredmedia":[{"embeddable":true,"href":"https:\/\/espaciogranvia.org\/gal\/wp-json\/wp\/v2\/media\/8663"}],"wp:attachment":[{"href":"https:\/\/espaciogranvia.org\/gal\/wp-json\/wp\/v2\/media?parent=8662"}],"wp:term":[{"taxonomy":"category","embeddable":true,"href":"https:\/\/espaciogranvia.org\/gal\/wp-json\/wp\/v2\/categories?post=8662"},{"taxonomy":"post_tag","embeddable":true,"href":"https:\/\/espaciogranvia.org\/gal\/wp-json\/wp\/v2\/tags?post=8662"}],"curies":[{"name":"wp","href":"https:\/\/api.w.org\/{rel}","templated":true}]}}