{"id":8671,"date":"2025-09-28T11:52:25","date_gmt":"2025-09-28T09:52:25","guid":{"rendered":"https:\/\/espaciogranvia.org\/?p=8671"},"modified":"2025-11-02T03:42:48","modified_gmt":"2025-11-02T02:42:48","slug":"charla-bicicleta-por-la-vida-pedaleando-por-la-salud-la-vida-y-la-sostenibilidad","status":"publish","type":"post","link":"https:\/\/espaciogranvia.org\/gal\/charla-bicicleta-por-la-vida-pedaleando-por-la-salud-la-vida-y-la-sostenibilidad\/","title":{"rendered":"Charla: BICICLETA POR LA VIDA. Pedaleando por la salud, la vida y la sostenibilidad."},"content":{"rendered":"<div class=\"fusion-fullwidth fullwidth-box fusion-builder-row-1 fusion-flex-container nonhundred-percent-fullwidth non-hundred-percent-height-scrolling\" style=\"--awb-border-radius-top-left:0px;--awb-border-radius-top-right:0px;--awb-border-radius-bottom-right:0px;--awb-border-radius-bottom-left:0px;--awb-flex-wrap:wrap;\" ><div class=\"fusion-builder-row fusion-row fusion-flex-align-items-flex-start fusion-flex-content-wrap\" style=\"max-width:1248px;margin-left: calc(-4% \/ 2 );margin-right: calc(-4% \/ 2 );\"><div class=\"fusion-layout-column fusion_builder_column fusion-builder-column-0 fusion_builder_column_1_1 1_1 fusion-flex-column\" style=\"--awb-bg-size:cover;--awb-width-large:100%;--awb-margin-top-large:0px;--awb-spacing-right-large:1.92%;--awb-margin-bottom-large:0px;--awb-spacing-left-large:1.92%;--awb-width-medium:100%;--awb-spacing-right-medium:1.92%;--awb-spacing-left-medium:1.92%;--awb-width-small:100%;--awb-spacing-right-small:1.92%;--awb-spacing-left-small:1.92%;\"><div class=\"fusion-column-wrapper fusion-flex-justify-content-flex-start fusion-content-layout-column\"><div class=\"fusion-text fusion-text-1\"><p><span style=\"color: #000000;\"><strong>Jueves 23 de Octubre &#8212; 19:30 h.<\/strong><\/span><br \/>\n<em>Consigue tu entrada gratuita*:<\/em> <a href=\"https:\/\/bit.ly\/47YhI0y\">https:\/\/bit.ly\/47YhI0y<\/a><br \/>\no por whatsapp: <em>620 972 419<\/em><\/p>\n<p>Por el rescate de de las conexiones perdidas: naturaleza, paz, \u00e9tica y salud integral.<\/p>\n<p>\u00a1Charla Inspiradora! : &#8220;Bike for Life&#8221; con <strong>Roberto Caldas.<\/strong><\/p>\n<p>Descubre el Proyecto en Espa\u00f1a de un Viajero Extraordinario!<\/p>\n<p>\u00bfTe imaginas recorrer miles de kil\u00f3metros en bicicleta para dar visibilidad a causas vitales como la salud mental, la dignidad humana y la sostenibilidad?<br \/>\nRoberto Caldas no solo lo imagina, sino que lo vive. Como activista incansable y promotor de la iniciativa &#8220;Bike for Life&#8221; , Roberto ha pedaleado por la vida, convirtiendo su viaje en una poderosa plataforma de concienciaci\u00f3n.<\/p>\n<p>Acomp\u00e1\u00f1anos en Nueva Acr\u00f3polis Vigo para conocer de primera mano la inspiradora traves\u00eda de Roberto Caldas y los detalles de su proyecto actual en Espa\u00f1a.<br \/>\nEn esta charla aprender\u00e1s sobre:<br \/>\n-La filosof\u00eda detr\u00e1s de &#8220;Bike for Life&#8221; .<br \/>\n-Los desaf\u00edos y las alegr\u00edas de su viaje solidario.<br \/>\n-C\u00f3mo una bicicleta puede convertirse en una herramienta de cambio social y personal .<br \/>\n-Su visi\u00f3n sobre la resiliencia y el prop\u00f3sito en la vida.<\/p>\n<p>\u00a1No te pierdas esta oportunidad de inspirarte!<br \/>\n<strong>Entrada Libre. Aforo limitado.<\/strong><\/p>\n<p><em>*Aportaci\u00f3n voluntaria de un kilo de alimento no perecedero para el proyecto de voluntariado \u00ab1 kg de sonrisas\u00bb.<\/em><\/p>\n<\/div><\/div><\/div><\/div><\/div>\n","protected":false},"excerpt":{"rendered":"","protected":false},"author":2,"featured_media":8672,"comment_status":"open","ping_status":"open","sticky":false,"template":"","format":"standard","meta":{"footnotes":""},"categories":[3,8],"tags":[],"class_list":["post-8671","post","type-post","status-publish","format-standard","has-post-thumbnail","hentry","category-actividades","category-conferencias"],"_links":{"self":[{"href":"https:\/\/espaciogranvia.org\/gal\/wp-json\/wp\/v2\/posts\/8671","targetHints":{"allow":["GET"]}}],"collection":[{"href":"https:\/\/espaciogranvia.org\/gal\/wp-json\/wp\/v2\/posts"}],"about":[{"href":"https:\/\/espaciogranvia.org\/gal\/wp-json\/wp\/v2\/types\/post"}],"author":[{"embeddable":true,"href":"https:\/\/espaciogranvia.org\/gal\/wp-json\/wp\/v2\/users\/2"}],"replies":[{"embeddable":true,"href":"https:\/\/espaciogranvia.org\/gal\/wp-json\/wp\/v2\/comments?post=8671"}],"version-history":[{"count":5,"href":"https:\/\/espaciogranvia.org\/gal\/wp-json\/wp\/v2\/posts\/8671\/revisions"}],"predecessor-version":[{"id":8715,"href":"https:\/\/espaciogranvia.org\/gal\/wp-json\/wp\/v2\/posts\/8671\/revisions\/8715"}],"wp:featuredmedia":[{"embeddable":true,"href":"https:\/\/espaciogranvia.org\/gal\/wp-json\/wp\/v2\/media\/8672"}],"wp:attachment":[{"href":"https:\/\/espaciogranvia.org\/gal\/wp-json\/wp\/v2\/media?parent=8671"}],"wp:term":[{"taxonomy":"category","embeddable":true,"href":"https:\/\/espaciogranvia.org\/gal\/wp-json\/wp\/v2\/categories?post=8671"},{"taxonomy":"post_tag","embeddable":true,"href":"https:\/\/espaciogranvia.org\/gal\/wp-json\/wp\/v2\/tags?post=8671"}],"curies":[{"name":"wp","href":"https:\/\/api.w.org\/{rel}","templated":true}]}}