{"id":8709,"date":"2025-10-20T02:21:02","date_gmt":"2025-10-20T00:21:02","guid":{"rendered":"https:\/\/espaciogranvia.org\/?p=8709"},"modified":"2025-11-09T20:33:37","modified_gmt":"2025-11-09T19:33:37","slug":"charla-el-principito-una-reflexion-sobre-el-sentido-de-la-vida","status":"publish","type":"post","link":"https:\/\/espaciogranvia.org\/gal\/charla-el-principito-una-reflexion-sobre-el-sentido-de-la-vida\/","title":{"rendered":"Charla: EL PRINCIPITO, una reflexi\u00f3n sobre el sentido de la Vida."},"content":{"rendered":"<div class=\"fusion-fullwidth fullwidth-box fusion-builder-row-1 fusion-flex-container nonhundred-percent-fullwidth non-hundred-percent-height-scrolling\" style=\"--awb-border-radius-top-left:0px;--awb-border-radius-top-right:0px;--awb-border-radius-bottom-right:0px;--awb-border-radius-bottom-left:0px;--awb-flex-wrap:wrap;\" ><div class=\"fusion-builder-row fusion-row fusion-flex-align-items-flex-start fusion-flex-content-wrap\" style=\"max-width:1248px;margin-left: calc(-4% \/ 2 );margin-right: calc(-4% \/ 2 );\"><div class=\"fusion-layout-column fusion_builder_column fusion-builder-column-0 fusion_builder_column_1_1 1_1 fusion-flex-column\" style=\"--awb-bg-size:cover;--awb-width-large:100%;--awb-margin-top-large:0px;--awb-spacing-right-large:1.92%;--awb-margin-bottom-large:0px;--awb-spacing-left-large:1.92%;--awb-width-medium:100%;--awb-spacing-right-medium:1.92%;--awb-spacing-left-medium:1.92%;--awb-width-small:100%;--awb-spacing-right-small:1.92%;--awb-spacing-left-small:1.92%;\"><div class=\"fusion-column-wrapper fusion-flex-justify-content-flex-start fusion-content-layout-column\"><div class=\"fusion-text fusion-text-1\"><p><span style=\"color: #000000;\"><strong>Viernes 7 de Noviembre &#8212; 19:30 h.<\/strong><\/span><\/p>\n<p><em>Consigue tu entrada gratuita*: <\/em>\u00a0<a href=\"http:\/\/bit.ly\/43ke2Ty\">http:\/\/bit.ly\/43ke2Ty<\/a><\/p>\n<p>o por whatsapp: <em>620 972 419<\/em><\/p>\n<p>\u00bfHas olvidado ya lo que es ser ni\u00f1o?<br \/>\nTe invitamos a <strong>&#8220;El Principito: una Reflexi\u00f3n sobre el Sentido de la Vida&#8221;<\/strong>, una charla-coloquio que va m\u00e1s all\u00e1 de un simple cuento.<\/p>\n<p>De la mano de Antoine de Saint-Exup\u00e9ry, exploraremos las grandes preguntas que la vida adulta nos ha hecho olvidar:<br \/>\n-\u00bfQu\u00e9 es realmente &#8220;lo esencial&#8221; que es invisible a los ojos?<br \/>\n-\u00bfQu\u00e9 significa &#8220;domesticar&#8221; y cu\u00e1l es nuestra responsabilidad en el amor y la amistad?<br \/>\n-\u00bfQu\u00e9 nos ense\u00f1an los peculiares habitantes de los asteroides sobre nuestra propia vida y la superficialidad moderna?<\/p>\n<p>\u00danete a esta conversaci\u00f3n para redescubrir la sabidur\u00eda que reside en la sencillez, en el valor de los lazos afectivos y en la mirada pura de la infancia.<br \/>\nNo es solo una charla, es una invitaci\u00f3n a volver a conectar con tu ni\u00f1o interior y a encontrar un sentido m\u00e1s profundo en tu d\u00eda a d\u00eda.<br \/>\n<strong>\u00a1Te esperamos para reflexionar juntos!<\/strong><\/p>\n<p><em>*Aportaci\u00f3n voluntaria de un kilo de alimento no perecedero para el proyecto de voluntariado \u00ab1 kg de sonrisas\u00bb.<\/em><\/p>\n<\/div><\/div><\/div><\/div><\/div>\n","protected":false},"excerpt":{"rendered":"","protected":false},"author":2,"featured_media":8701,"comment_status":"open","ping_status":"open","sticky":false,"template":"","format":"standard","meta":{"footnotes":""},"categories":[3,8],"tags":[],"class_list":["post-8709","post","type-post","status-publish","format-standard","has-post-thumbnail","hentry","category-actividades","category-conferencias"],"_links":{"self":[{"href":"https:\/\/espaciogranvia.org\/gal\/wp-json\/wp\/v2\/posts\/8709","targetHints":{"allow":["GET"]}}],"collection":[{"href":"https:\/\/espaciogranvia.org\/gal\/wp-json\/wp\/v2\/posts"}],"about":[{"href":"https:\/\/espaciogranvia.org\/gal\/wp-json\/wp\/v2\/types\/post"}],"author":[{"embeddable":true,"href":"https:\/\/espaciogranvia.org\/gal\/wp-json\/wp\/v2\/users\/2"}],"replies":[{"embeddable":true,"href":"https:\/\/espaciogranvia.org\/gal\/wp-json\/wp\/v2\/comments?post=8709"}],"version-history":[{"count":3,"href":"https:\/\/espaciogranvia.org\/gal\/wp-json\/wp\/v2\/posts\/8709\/revisions"}],"predecessor-version":[{"id":8719,"href":"https:\/\/espaciogranvia.org\/gal\/wp-json\/wp\/v2\/posts\/8709\/revisions\/8719"}],"wp:featuredmedia":[{"embeddable":true,"href":"https:\/\/espaciogranvia.org\/gal\/wp-json\/wp\/v2\/media\/8701"}],"wp:attachment":[{"href":"https:\/\/espaciogranvia.org\/gal\/wp-json\/wp\/v2\/media?parent=8709"}],"wp:term":[{"taxonomy":"category","embeddable":true,"href":"https:\/\/espaciogranvia.org\/gal\/wp-json\/wp\/v2\/categories?post=8709"},{"taxonomy":"post_tag","embeddable":true,"href":"https:\/\/espaciogranvia.org\/gal\/wp-json\/wp\/v2\/tags?post=8709"}],"curies":[{"name":"wp","href":"https:\/\/api.w.org\/{rel}","templated":true}]}}