{"id":8922,"date":"2026-04-27T23:02:56","date_gmt":"2026-04-27T21:02:56","guid":{"rendered":"https:\/\/espaciogranvia.org\/?p=8922"},"modified":"2026-04-27T23:02:56","modified_gmt":"2026-04-27T21:02:56","slug":"presentacion-gratuita-curso-de-filosofia-para-vivir-3","status":"publish","type":"post","link":"https:\/\/espaciogranvia.org\/gal\/presentacion-gratuita-curso-de-filosofia-para-vivir-3\/","title":{"rendered":"Presentaci\u00f3n gratuita: CURSO DE FILOSOF\u00cdA PARA VIVIR."},"content":{"rendered":"<div class=\"fusion-fullwidth fullwidth-box fusion-builder-row-1 fusion-flex-container nonhundred-percent-fullwidth non-hundred-percent-height-scrolling\" style=\"--awb-border-radius-top-left:0px;--awb-border-radius-top-right:0px;--awb-border-radius-bottom-right:0px;--awb-border-radius-bottom-left:0px;--awb-flex-wrap:wrap;\" ><div class=\"fusion-builder-row fusion-row fusion-flex-align-items-flex-start fusion-flex-content-wrap\" style=\"max-width:1248px;margin-left: calc(-4% \/ 2 );margin-right: calc(-4% \/ 2 );\"><div class=\"fusion-layout-column fusion_builder_column fusion-builder-column-0 fusion_builder_column_1_1 1_1 fusion-flex-column\" style=\"--awb-bg-size:cover;--awb-width-large:100%;--awb-margin-top-large:0px;--awb-spacing-right-large:1.92%;--awb-margin-bottom-large:0px;--awb-spacing-left-large:1.92%;--awb-width-medium:100%;--awb-spacing-right-medium:1.92%;--awb-spacing-left-medium:1.92%;--awb-width-small:100%;--awb-spacing-right-small:1.92%;--awb-spacing-left-small:1.92%;\"><div class=\"fusion-column-wrapper fusion-flex-justify-content-flex-start fusion-content-layout-column\"><div class=\"fusion-text fusion-text-1\"><p style=\"text-align: left;\">\u00a1 Explora y crece con el curso Filosof\u00eda para Vivir !<\/p>\n<p style=\"text-align: left;\"><strong>Viernes 22 de mayo a las 19:00 horas<\/strong><\/p>\n<p style=\"text-align: left;\"><em>Consigue tu entrada gratuita:<\/em> <a href=\"https:\/\/bit.ly\/4sPdjDS\">https:\/\/bit.ly\/4sPdjDS<\/a><\/p>\n<p style=\"text-align: left;\">\ud83e\udeb7<strong> Curso de Filosof\u00eda para Vivir<\/strong> \ud83e\udef6<\/p>\n<p style=\"text-align: left;\">\ud83d\udee4\ufe0f Un curso te\u00f3rico-pr\u00e1ctico para acercarse a las principales filosof\u00edas de Oriente y Occidente, en las que aprender a potenciar la \u00e9tica y los valores \ud83d\udcda mejorar las relaciones humanas \ud83e\uddd8\ud83e\udd38\u200d\u2640\ufe0f y construir el futuro\ud83e\udd1d<\/p>\n<p style=\"text-align: left;\">&#8212;&#8212;&#8212;&#8212;&#8212;&#8212;&#8212;&#8212;&#8212;&#8212;&#8212;&#8212;&#8212;&#8212;&#8212;&#8212;&#8212;&#8212;&#8212;&#8211;<\/p>\n<p style=\"text-align: left;\">\u2705 ACTIVIDAD PRESENCIAL<\/p>\n<p style=\"text-align: left;\">\ud83d\udcc5 <em>Fecha<\/em>: Viernes, 22 de mayo &#8211; 19:00 h<\/p>\n<p style=\"text-align: left;\">\ud83d\udccd<em>Lugar<\/em>: Avda. Gran V\u00eda, 2 &#8211; 3\u00ba izq. &#8211; Vigo<\/p>\n<p style=\"text-align: left;\">\ud83d\udc64 <em>Aforo<\/em>: Plazas limitadas (se requiere reserva)<\/p>\n<p style=\"text-align: left;\">\ud83d\udcda <em>Metodolog\u00eda<\/em>: Una clase por tema (estas clases tendr\u00e1n una duraci\u00f3n de dos horas), un d\u00eda a la semana<\/p>\n<p style=\"text-align: left;\">\u23f1 <em>Duraci\u00f3n<\/em>: 6 meses (50 horas)<\/p>\n<p style=\"text-align: left;\">Presentaci\u00f3n y primera clase gratuita. A partir de esta clase gratuita el precio del curso es de 35 \u20ac al mes.<\/p>\n<p style=\"text-align: left;\">\ud83d\udd34 <em>Requisitos<\/em>:<\/p>\n<p style=\"text-align: left;\">Tener reserva previa<\/p>\n<p style=\"text-align: left;\">Asistir con 10 min. de antelaci\u00f3n de la hora de inicio<\/p>\n<p style=\"text-align: left;\">&#8212;&#8212;&#8212;&#8212;&#8212;&#8212;&#8212;&#8212;&#8212;&#8212;&#8212;&#8212;-<\/p>\n<p style=\"text-align: left;\"><em>A qui\u00e9n va dirigido el curso<\/em>: Su forma, sencilla y profunda a la vez, permite que cualquier persona pueda seguirlo.<\/p>\n<p style=\"text-align: left;\"><em>Objetivo<\/em>: Ser una fuente de inspiraci\u00f3n para afrontar las grandes preguntas del ser humano, con sus retos personales y colectivos.<\/p>\n<p style=\"text-align: left;\">&#8212;&#8212;&#8212;&#8212;&#8212;&#8212;&#8212;&#8212;&#8212;&#8212;&#8212;&#8212;-<\/p>\n<p style=\"text-align: left;\"><strong>Temario<\/strong> del Curso de Filosof\u00eda para Vivir \u2192<\/p>\n<p style=\"text-align: left;\">\ud83d\udd39 PARA POTENCIAR LA \u00c9TICA Y LOS VALORES:<\/p>\n<p style=\"text-align: left;\">1. Filosof\u00eda natural<\/p>\n<p style=\"text-align: left;\">Los siete principios de la naturaleza<\/p>\n<p style=\"text-align: left;\">\u00bfC\u00f3mo reconocer y desarrollar los valores humanos?<\/p>\n<p style=\"text-align: left;\">2. El ser humano y el cosmos<\/p>\n<p style=\"text-align: left;\">Consecuencias de nuestras acciones<\/p>\n<p style=\"text-align: left;\">Dharma-Karma. Teor\u00eda de la reencarnaci\u00f3n<\/p>\n<p style=\"text-align: left;\">3. La sabidur\u00eda de la India<\/p>\n<p style=\"text-align: left;\">Simbolismo del Bhagavad G\u00eet\u00e2<\/p>\n<p style=\"text-align: left;\">Planteamiento del conflicto interior<\/p>\n<p style=\"text-align: left;\">4. Los misterios del T\u00edbet<\/p>\n<p style=\"text-align: left;\">Antiguos textos tibetanos: La Voz del Silencio<\/p>\n<p style=\"text-align: left;\">El valor de la introspecci\u00f3n y la reflexi\u00f3n<\/p>\n<p style=\"text-align: left;\">5. Filosof\u00eda budista<\/p>\n<p style=\"text-align: left;\">El dolor como veh\u00edculo de conciencia<\/p>\n<p style=\"text-align: left;\">Las crisis: comprensi\u00f3n y superaci\u00f3n<\/p>\n<p style=\"text-align: left;\">6. La sabidur\u00eda de China<\/p>\n<p style=\"text-align: left;\">Confucio y sus ense\u00f1anzas<\/p>\n<p style=\"text-align: left;\">La \u00e9tica en lo colectivo<\/p>\n<p style=\"text-align: left;\">\ud83d\udd39 PARA MEJORAR LAS RELACIONES HUMANAS:<\/p>\n<p style=\"text-align: left;\">7. El reto de vivir en sociedad<\/p>\n<p style=\"text-align: left;\">El factor humano<\/p>\n<p style=\"text-align: left;\">Los problemas del mundo y el ser humano actual<\/p>\n<p style=\"text-align: left;\">8. Plat\u00f3n<\/p>\n<p style=\"text-align: left;\">El mito de la caverna: claves de interpretaci\u00f3n<\/p>\n<p style=\"text-align: left;\">9. Arist\u00f3teles<\/p>\n<p style=\"text-align: left;\">La b\u00fasqueda de la felicidad<\/p>\n<p style=\"text-align: left;\">10. Plotino y la escuela neoplat\u00f3nica<\/p>\n<p style=\"text-align: left;\">La escuela ecl\u00e9ctica de Alejandr\u00eda<\/p>\n<p style=\"text-align: left;\">11. Importancia de la educaci\u00f3n<\/p>\n<p style=\"text-align: left;\">El ciudadano y su protagonismo<\/p>\n<p style=\"text-align: left;\">Saber pensar, saber elegir<\/p>\n<p style=\"text-align: left;\">12. Egipto<\/p>\n<p style=\"text-align: left;\">La regla de Maat<\/p>\n<p style=\"text-align: left;\">La justicia como impulso colectivo<\/p>\n<p style=\"text-align: left;\">13. El estoicismo: Ep\u00edcteto, S\u00e9neca y Marco Aurelio<\/p>\n<p style=\"text-align: left;\">Roma y los ciudadanos del mundo<\/p>\n<p style=\"text-align: left;\">\ud83d\udd39 PARA CONSTRUIR EL FUTURO:<\/p>\n<p style=\"text-align: left;\">14. Filosof\u00eda de la historia<\/p>\n<p style=\"text-align: left;\">La experiencia como motor de futuro<\/p>\n<p style=\"text-align: left;\">15. Importancia de la transmisi\u00f3n<\/p>\n<p style=\"text-align: left;\">Historia: fuentes, fundamentos y ciencias complementarias<\/p>\n<p style=\"text-align: left;\">16. Historia y mitolog\u00eda<\/p>\n<p style=\"text-align: left;\">Realidad psicol\u00f3gica de los mitos<\/p>\n<p style=\"text-align: left;\">Propiedades de los s\u00edmbolos<\/p>\n<p style=\"text-align: left;\">17. Los ciclos de la historia<\/p>\n<p style=\"text-align: left;\">El movimiento de la humanidad<\/p>\n<p style=\"text-align: left;\">La rueda de la historia<\/p>\n<p style=\"text-align: left;\">18. Libertad y destino<\/p>\n<p style=\"text-align: left;\">Teor\u00eda hist\u00f3rica de Cicer\u00f3n<\/p>\n<p style=\"text-align: left;\">Los arquetipos fijos y la evoluci\u00f3n de la humanidad<\/p>\n<p style=\"text-align: left;\">Llegar a ser protagonista de la historia<\/p>\n<p style=\"text-align: left;\">Llaves para abrir las puertas del futuro<\/p>\n<p style=\"text-align: left;\"><strong>Pr\u00e1cticas de Psicolog\u00eda:<\/strong><\/p>\n<p style=\"text-align: left;\">El curso incluye pr\u00e1cticas de psicolog\u00eda sobre: conciencia, concentraci\u00f3n, atenci\u00f3n, memoria, h\u00e1bitos, inteligencia, imaginaci\u00f3n, voluntad\u2026<\/p>\n<\/div><\/div><\/div><\/div><\/div>\n","protected":false},"excerpt":{"rendered":"","protected":false},"author":2,"featured_media":8925,"comment_status":"open","ping_status":"open","sticky":false,"template":"","format":"standard","meta":{"footnotes":""},"categories":[3,1,29],"tags":[],"class_list":["post-8922","post","type-post","status-publish","format-standard","has-post-thumbnail","hentry","category-actividades","category-cursos-talleres","category-proximas-actividades"],"_links":{"self":[{"href":"https:\/\/espaciogranvia.org\/gal\/wp-json\/wp\/v2\/posts\/8922","targetHints":{"allow":["GET"]}}],"collection":[{"href":"https:\/\/espaciogranvia.org\/gal\/wp-json\/wp\/v2\/posts"}],"about":[{"href":"https:\/\/espaciogranvia.org\/gal\/wp-json\/wp\/v2\/types\/post"}],"author":[{"embeddable":true,"href":"https:\/\/espaciogranvia.org\/gal\/wp-json\/wp\/v2\/users\/2"}],"replies":[{"embeddable":true,"href":"https:\/\/espaciogranvia.org\/gal\/wp-json\/wp\/v2\/comments?post=8922"}],"version-history":[{"count":1,"href":"https:\/\/espaciogranvia.org\/gal\/wp-json\/wp\/v2\/posts\/8922\/revisions"}],"predecessor-version":[{"id":8927,"href":"https:\/\/espaciogranvia.org\/gal\/wp-json\/wp\/v2\/posts\/8922\/revisions\/8927"}],"wp:featuredmedia":[{"embeddable":true,"href":"https:\/\/espaciogranvia.org\/gal\/wp-json\/wp\/v2\/media\/8925"}],"wp:attachment":[{"href":"https:\/\/espaciogranvia.org\/gal\/wp-json\/wp\/v2\/media?parent=8922"}],"wp:term":[{"taxonomy":"category","embeddable":true,"href":"https:\/\/espaciogranvia.org\/gal\/wp-json\/wp\/v2\/categories?post=8922"},{"taxonomy":"post_tag","embeddable":true,"href":"https:\/\/espaciogranvia.org\/gal\/wp-json\/wp\/v2\/tags?post=8922"}],"curies":[{"name":"wp","href":"https:\/\/api.w.org\/{rel}","templated":true}]}}