{"id":942,"date":"2014-11-14T19:05:43","date_gmt":"2014-11-14T18:05:43","guid":{"rendered":"http:\/\/www.espaciogranvia.org\/inteligencia-emocional-pensar-bien-sentirse-bien-2\/"},"modified":"2019-12-04T21:32:03","modified_gmt":"2019-12-04T20:32:03","slug":"inteligencia-emocional-pensar-bien-sentirse-bien-2","status":"publish","type":"post","link":"https:\/\/espaciogranvia.org\/gal\/inteligencia-emocional-pensar-bien-sentirse-bien-2\/","title":{"rendered":"Intelixencia emocional. Pensar ben, sentirse ben"},"content":{"rendered":"<div class=\"fusion-fullwidth fullwidth-box fusion-builder-row-1 nonhundred-percent-fullwidth non-hundred-percent-height-scrolling\" style=\"--awb-border-radius-top-left:0px;--awb-border-radius-top-right:0px;--awb-border-radius-bottom-right:0px;--awb-border-radius-bottom-left:0px;--awb-flex-wrap:wrap;\" ><div class=\"fusion-builder-row fusion-row\"><div class=\"fusion-layout-column fusion_builder_column fusion-builder-column-0 fusion_builder_column_1_1 1_1 fusion-one-full fusion-column-first fusion-column-last\" style=\"--awb-bg-size:cover;--awb-margin-bottom:0px;\"><div class=\"fusion-column-wrapper fusion-flex-column-wrapper-legacy\"><div class=\"fusion-text fusion-text-1\"><p><strong>AUDIOVISUAL-COLOQUIO<\/strong><\/p>\n<p><strong>Todos os venres de maio\u00a0\u00e1s 20:00 h.<\/strong><\/p>\n<p><span style=\"color: #339966;\"><strong>Entrada libre<\/strong><\/span><\/p>\n<p>Que \u00e9 intelixencia emocional?<\/p>\n<p>O escritor norteamericano Daniel Goleman popularizou o termo de intelixencia emocional, defin\u00edndoo como unha forma distinta de ser intelixente e que ten que ver coa forma na que o individuo xestiona as s\u00faas propias emoci\u00f3ns e \u00e9 capaz de sintonizar coas emoci\u00f3ns dos demais.<\/p>\n<p>Quizais o m\u00e1is interesante da hoxe chamada intelixencia emocional (algo que nas escolas de filosof\u00eda se chamou formaci\u00f3n do car\u00e1cter) sexa que nos axuda a co\u00f1ecernos a n\u00f3s mesmos.<\/p>\n<p>Saber pensar, saber sentir&#8230; Como podemos desenvolver algunhas destas habilidades mentais e emocionais para unha mellor convivencia connosco mesmos e cos demais?<\/p>\n<\/div><div class=\"fusion-clearfix\"><\/div><\/div><\/div><\/div><\/div>\n","protected":false},"excerpt":{"rendered":"","protected":false},"author":2,"featured_media":940,"comment_status":"open","ping_status":"open","sticky":false,"template":"","format":"standard","meta":{"footnotes":""},"categories":[10,25],"tags":[],"class_list":["post-942","post","type-post","status-publish","format-standard","has-post-thumbnail","hentry","category-actividades-gal","category-psicoloxia"],"_links":{"self":[{"href":"https:\/\/espaciogranvia.org\/gal\/wp-json\/wp\/v2\/posts\/942","targetHints":{"allow":["GET"]}}],"collection":[{"href":"https:\/\/espaciogranvia.org\/gal\/wp-json\/wp\/v2\/posts"}],"about":[{"href":"https:\/\/espaciogranvia.org\/gal\/wp-json\/wp\/v2\/types\/post"}],"author":[{"embeddable":true,"href":"https:\/\/espaciogranvia.org\/gal\/wp-json\/wp\/v2\/users\/2"}],"replies":[{"embeddable":true,"href":"https:\/\/espaciogranvia.org\/gal\/wp-json\/wp\/v2\/comments?post=942"}],"version-history":[{"count":20,"href":"https:\/\/espaciogranvia.org\/gal\/wp-json\/wp\/v2\/posts\/942\/revisions"}],"predecessor-version":[{"id":4117,"href":"https:\/\/espaciogranvia.org\/gal\/wp-json\/wp\/v2\/posts\/942\/revisions\/4117"}],"wp:featuredmedia":[{"embeddable":true,"href":"https:\/\/espaciogranvia.org\/gal\/wp-json\/wp\/v2\/media\/940"}],"wp:attachment":[{"href":"https:\/\/espaciogranvia.org\/gal\/wp-json\/wp\/v2\/media?parent=942"}],"wp:term":[{"taxonomy":"category","embeddable":true,"href":"https:\/\/espaciogranvia.org\/gal\/wp-json\/wp\/v2\/categories?post=942"},{"taxonomy":"post_tag","embeddable":true,"href":"https:\/\/espaciogranvia.org\/gal\/wp-json\/wp\/v2\/tags?post=942"}],"curies":[{"name":"wp","href":"https:\/\/api.w.org\/{rel}","templated":true}]}}